{"id":8671,"date":"2026-09-05T20:26:06","date_gmt":"2026-09-05T18:26:06","guid":{"rendered":"https:\/\/apavil.ro\/?p=8671"},"modified":"2026-09-05T20:29:06","modified_gmt":"2026-09-05T18:29:06","slug":"apavil-s-a-comunicat-de-presa","status":"publish","type":"post","link":"https:\/\/apavil.ro\/?p=8671","title":{"rendered":"APAVIL S.A. &#8211; COMUNICAT DE PRES\u0102"},"content":{"rendered":"\n<p>Av\u00e2nd \u00een vedere avaria produs\u0103 \u00een dup\u0103 amiaza zilei de 5 septembrie a.c., pe conducta Dn 600 PREMO, \u00een zona Intr\u0103rii Sudului, a fost necesar\u0103 \u00eentreruperea furniz\u0103rii apei potabile. Aceast\u0103 m\u0103sur\u0103 afecteaz\u0103 utilizatorii din zonele: Sud, Troianu, R\u00e2ureni, Cop\u0103celu, C\u0103z\u0103ne\u0219ti, Ocnele Mari, Mih\u0103e\u0219ti, precum \u0219i Oltchim.<\/p>\n\n\n\n<p>Echipele de interven\u021bie ale Apavil au procedat la localizarea avariei \u0219i au \u00eenceput imediat lucr\u0103rile de remediere a acesteia.<\/p>\n\n\n\n<p>Societatea Apavil asigur\u0103 to\u021bi consumatorii afecta\u021bi de \u00eentreruperea furniz\u0103rii apei potabile, c\u0103 a luat toate m\u0103surile ca aceasta s\u0103 fie reluat\u0103 \u00een cel mai scurt timp.<\/p>\n\n\n\n<p><\/p>\n\n\n\n<p class=\"has-text-align-center\"><strong>SOCIETATEA APAVIL S.A.<\/strong><\/p>\n\n\n\n<p><\/p>\n","protected":false},"excerpt":{"rendered":"<p>Av\u00e2nd \u00een vedere avaria produs\u0103 \u00een dup\u0103 amiaza zilei de 5 septembrie a.c., pe conducta Dn 600 PREMO, \u00een zona Intr\u0103rii Sudului, a fost necesar\u0103 \u00eentreruperea furniz\u0103rii apei potabile. Aceast\u0103 m\u0103sur\u0103 afecteaz\u0103 utilizatorii din zonele: Sud, Troianu, R\u00e2ureni, Cop\u0103celu, C\u0103z\u0103ne\u0219ti,<\/p>\n","protected":false},"author":1,"featured_media":0,"comment_status":"closed","ping_status":"closed","sticky":false,"template":"","format":"standard","meta":[],"categories":[30],"tags":[],"_links":{"self":[{"href":"https:\/\/apavil.ro\/index.php?rest_route=\/wp\/v2\/posts\/8671"}],"collection":[{"href":"https:\/\/apavil.ro\/index.php?rest_route=\/wp\/v2\/posts"}],"about":[{"href":"https:\/\/apavil.ro\/index.php?rest_route=\/wp\/v2\/types\/post"}],"author":[{"embeddable":true,"href":"https:\/\/apavil.ro\/index.php?rest_route=\/wp\/v2\/users\/1"}],"replies":[{"embeddable":true,"href":"https:\/\/apavil.ro\/index.php?rest_route=%2Fwp%2Fv2%2Fcomments&post=8671"}],"version-history":[{"count":3,"href":"https:\/\/apavil.ro\/index.php?rest_route=\/wp\/v2\/posts\/8671\/revisions"}],"predecessor-version":[{"id":8674,"href":"https:\/\/apavil.ro\/index.php?rest_route=\/wp\/v2\/posts\/8671\/revisions\/8674"}],"wp:attachment":[{"href":"https:\/\/apavil.ro\/index.php?rest_route=%2Fwp%2Fv2%2Fmedia&parent=8671"}],"wp:term":[{"taxonomy":"category","embeddable":true,"href":"https:\/\/apavil.ro\/index.php?rest_route=%2Fwp%2Fv2%2Fcategories&post=8671"},{"taxonomy":"post_tag","embeddable":true,"href":"https:\/\/apavil.ro\/index.php?rest_route=%2Fwp%2Fv2%2Ftags&post=8671"}],"curies":[{"name":"wp","href":"https:\/\/api.w.org\/{rel}","templated":true}]}}