{"id":7116,"date":"2024-08-23T11:26:00","date_gmt":"2024-08-23T09:26:00","guid":{"rendered":"https:\/\/apavil.ro\/?p=7116"},"modified":"2024-08-23T11:26:00","modified_gmt":"2024-08-23T09:26:00","slug":"apa-potabila-furnizata-in-regim-de-restrictie-in-comuna-berislavesti","status":"publish","type":"post","link":"https:\/\/apavil.ro\/?p=7116","title":{"rendered":"Apa potabil\u0103 furnizat\u0103 \u00een regim de restric\u021bie \u00een comuna Berisl\u0103ve\u0219ti"},"content":{"rendered":"\n<p>Din cauza secetei prelungite \u0219i a cre\u0219terii accentuate a consumului de ap\u0103, debitul de ap\u0103 disponibil pentru preluare \u0219i tratare, aferent comunei Berisl\u0103ve\u0219ti, este extrem de sc\u0103zut, iar \u00een anumite zone de captare apa a secat efectiv.<\/p>\n\n\n\n<p>Prin urmare, societatea Apavil S.A. anun\u021b\u0103 c\u0103 \u00eencep\u00e2nd de ast\u0103zi, 23 august 2024, alimentarea cu ap\u0103 \u00een comuna Berisl\u0103ve\u0219ti va intra \u00eentr-un regim de restric\u021bie, alimentarea cu ap\u0103 potabil\u0103 pentru necesit\u0103\u021bile minime fiind asigurat\u0103 prin transportul cu cisterne.<\/p>\n\n\n\n<p>\u00cen perioadele caniculare consumurile cresc \u00een special din cauza unui tipar de consum, caracteristic zonelor rurale \u0219i anume folosirea apei \u00een diferite scopuri, altele dec\u00e2t cele prev\u0103zute \u00een contract. Cu toate c\u0103 am f\u0103cut apel, \u00een nenum\u0103rate r\u00e2nduri, c\u0103tre popula\u021bie, insist\u00e2nd asupra faptului c\u0103 apa este o resurs\u0103 limitat\u0103 \u0219i este nevoie s\u0103 fie folosit\u0103 cu responsabilitate, evit\u00e2nd risipa, utilizatorii par s\u0103 ignore toate recomand\u0103rile noastre.<\/p>\n\n\n\n<p>Av\u00e2nd \u00een vedere faptul c\u0103 sursele de suprafa\u021b\u0103 depind de cantitatea de precipita\u021bii, iar \u00een perioada urm\u0103toare se anun\u021b\u0103, \u00een continuare, secet\u0103, Apavil a solicitat \u00eentrunirea Comitetului Jude\u021bean pentru Situa\u021bii de Urgen\u021b\u0103 V\u00e2lcea pentru stabilirea m\u0103surilor care se impun.<\/p>\n\n\n\n<p>Pentru informa\u021bii suplimentare sau sesiz\u0103ri, dispeceratul&nbsp;Apavil S.A. v\u0103 st\u0103 la dispozi\u021bie la num\u0103rul de telefon 0350 802 160 sau e-mail: <a href=\"mailto:dispecerat@apavil.ro\">dispecerat@apavil.ro<\/a>.<\/p>\n","protected":false},"excerpt":{"rendered":"<p>Din cauza secetei prelungite \u0219i a cre\u0219terii accentuate a consumului de ap\u0103, debitul de ap\u0103 disponibil pentru preluare \u0219i tratare, aferent comunei Berisl\u0103ve\u0219ti, este extrem de sc\u0103zut, iar \u00een anumite zone de captare apa a secat efectiv. Prin urmare, societatea<\/p>\n","protected":false},"author":1,"featured_media":0,"comment_status":"closed","ping_status":"closed","sticky":false,"template":"","format":"standard","meta":[],"categories":[30],"tags":[],"_links":{"self":[{"href":"https:\/\/apavil.ro\/index.php?rest_route=\/wp\/v2\/posts\/7116"}],"collection":[{"href":"https:\/\/apavil.ro\/index.php?rest_route=\/wp\/v2\/posts"}],"about":[{"href":"https:\/\/apavil.ro\/index.php?rest_route=\/wp\/v2\/types\/post"}],"author":[{"embeddable":true,"href":"https:\/\/apavil.ro\/index.php?rest_route=\/wp\/v2\/users\/1"}],"replies":[{"embeddable":true,"href":"https:\/\/apavil.ro\/index.php?rest_route=%2Fwp%2Fv2%2Fcomments&post=7116"}],"version-history":[{"count":1,"href":"https:\/\/apavil.ro\/index.php?rest_route=\/wp\/v2\/posts\/7116\/revisions"}],"predecessor-version":[{"id":7117,"href":"https:\/\/apavil.ro\/index.php?rest_route=\/wp\/v2\/posts\/7116\/revisions\/7117"}],"wp:attachment":[{"href":"https:\/\/apavil.ro\/index.php?rest_route=%2Fwp%2Fv2%2Fmedia&parent=7116"}],"wp:term":[{"taxonomy":"category","embeddable":true,"href":"https:\/\/apavil.ro\/index.php?rest_route=%2Fwp%2Fv2%2Fcategories&post=7116"},{"taxonomy":"post_tag","embeddable":true,"href":"https:\/\/apavil.ro\/index.php?rest_route=%2Fwp%2Fv2%2Ftags&post=7116"}],"curies":[{"name":"wp","href":"https:\/\/api.w.org\/{rel}","templated":true}]}}