{"id":3868,"date":"2022-03-21T15:33:06","date_gmt":"2022-03-21T13:33:06","guid":{"rendered":"https:\/\/apavil.ro\/?p=3868"},"modified":"2022-03-21T15:33:06","modified_gmt":"2022-03-21T13:33:06","slug":"informare-de-presa-situatia-centralizata-a-lucrarilor-derulate-de-apavil-sa-in-municipiul-ramnicu-valcea-in-perioada-29-ianuarie-04-februarie-2022","status":"publish","type":"post","link":"https:\/\/apavil.ro\/?p=3868","title":{"rendered":"Informare de pres\u0103 \u2013 Situa\u0163ia centralizat\u0103 a lucr\u0103rilor derulate de Apavil SA \u00een municipiul R\u00e2mnicu V\u00e2lcea \u00een perioada 29 ianuarie \u2013 04 februarie 2022"},"content":{"rendered":"\n<p><a><\/a> <em><strong>APAVIL SA<\/strong><\/em><em> a desf\u0103\u015furat \u015fi \u00een perioada 29 ianuarie \u2013 04 februarie 2022 o activitate intens\u0103 \u00een municipiul R\u00e2mnicu V\u00e2lcea, \u00een colaborare cu autorit\u0103\u0163ile locale.<\/em><\/p>\n\n\n\n<p><strong>AVARII SOLU\u0162IONATE. <\/strong>S-au remediat, \u00een timp util, avariile la conductele de ap\u0103 potabil\u0103 pe str\u0103zile Calea lui Traian, Episcop Clement \u0219i Gib Mih\u0103escu.<\/p>\n\n\n\n<p><strong>POMPE CUR\u0102\u0162ATE. <\/strong>S-au cur\u0103\u021bat manual \u0219i mecanizat pompele din zonele: Arinilor, Bd. Dem R\u0103dulescu, Morilor, Goranu, R\u00e2ureni, Bogdan Amaru \u0219i Pasaj Dacia.<\/p>\n\n\n\n<p><strong>PROBLEME PUNCTUALE<\/strong>. Au fost realizate o serie de lucr\u0103ri punctuale:<\/p>\n\n\n\n<ul><li>s-a igienizat perimetrul Sta\u021biilor de pompare din aria de activitate;<\/li><li>s-au finalizat lucr\u0103rile de execu\u021bie a Sta\u021biei de pompare de pe strada Livezi;<\/li><li>s-au \u00eenceput lucr\u0103rile de extindere re\u021bea de canalizare pe strada Z\u0103voieni;<\/li><li>s-a continuat verificarea \u0219i cur\u0103\u021barea gurilor de scurgere, a c\u0103minelor de canalizare menajer\u0103 \u0219i a colectoarelor, manual \u0219i mecanizat pe str\u0103zile Kalamata \u0219i Ostroveni;<\/li><li>s-a adus la starea ini\u021bial\u0103 suprafa\u021ba carosabil\u0103 \u00een zonele \u00een care s-a intervenit;<\/li><li>au fost aduse la cot\u0103 c\u0103minele de canalizare menajer\u0103 tasate\/deteriorate.<\/li><\/ul>\n\n\n\n<p><a><\/a> <strong>RE\u021aELE DE CANALIZARE MENAJER\u0102 CUR\u0102\u0162ATE. <\/strong>S-a intervenit pentru desfundarea, cur\u0103\u021barea \u0219i sp\u0103larea mecanizat\u0103 a re\u021belelor de canalizare menajer\u0103 \u0219i a gurilor de scurgere la urm\u0103toarele adrese: strada Matei Basarab \u2013 blocurile 31, 105bis, 107, 108, Aleea Melodiei \u2013 blocul P3, strada Nicolae Iorga \u2013 blocurile ANL2, ANL3, A26, ANL23, strada Luceaf\u0103rului \u2013 blocurile A2, A20 \u0219i A21, strada Calea lui Traian \u2013 blocul Filipin, strada Petri\u0219or \u2013 Vila 2, strada Regina Maria \u2013 blocul 1, Aleea Ol\u0103ne\u0219ti \u2013 blocul 11, strada Mihai Eminescu \u2013 blocurile B13, B14 \u0219i C32, strada Calea lui Traian \u2013 blocul L, strada Matache Temelie \u2013 blocurile 10 \u0219i 72, 10, strada Decebal \u2013 blocul S11, strada Henri Coand\u0103 \u2013 blocurile N3 \u0219i R8Bis, Aleea Miori\u021bei \u2013 blocul N3, strada Mihai Viteazul \u2013 blocul T1, strada Ionel Geant\u0103 \u2013 blocul 115, strada Antim Ivireanu \u2013 blocul 72, strada Marin Sorescu \u2013 blocul G80, strada Cerna \u2013 blocul 27, strada Gib Mih\u0103escu \u2013 blocurile 1 \u0219i 3, strada Dacia \u2013 blocurile 15, strada Nicolae B\u0103lcescu \u2013 blocul 1, Aleea Bradului \u2013 blocul C6, strada Lucian Blaga \u2013 blocurile 32\/I \u0219i A42\/2, strada 1Mai \u2013 blocurile 1, 2 \u0219i 3, strada \u0218tirbei Vod\u0103 \u2013 blocurile U2 \u0219i U3, strada Colonel B\u0103descu \u2013 blocul 12A, Aleea Stejarului \u2013 blocul C0, Aleea Prim\u0103verii \u2013 blocurile R13 \u0219i R14, strada Dr. Hacman \u2013 blocul 85bis, Splaiul Independen\u021bei \u2013 blocul 9, bulevardul Tineretului \u2013 blocul A54, bulevardul Dem R\u0103dulescu \u2013 blocul 59 \u0219i bulevardul Pandurilor \u2013 blocul A8\/I.<\/p>\n\n\n\n<p><strong>39 <\/strong><strong>APOMETRE VERIFICATE \u015eI MONTATE.<\/strong> Tot \u00een aceast\u0103 perioad\u0103 au fost montate 39 apometre, dintre care 38 verificate \u0219i \u00eenlocuite \u0219i un montaj apometru nou. De asemenea, au fost realizate 3 lucr\u0103ri de interven\u021bie la contoarele de ap\u0103 rece montate \u00een re\u021bea \u0219i au fost \u00eentocmite 4 avize de amplasament \u0219i 3 avize tehnice.<\/p>\n\n\n\n<p class=\"has-text-align-center\"><strong>COMPARTIMENTUL COMUNICARE, MASS-MEDIA AL SOCIET\u0102\u021aII APAVIL SA<\/strong><\/p>\n","protected":false},"excerpt":{"rendered":"<p>APAVIL SA a desf\u0103\u015furat \u015fi \u00een perioada 29 ianuarie \u2013 04 februarie 2022 o activitate intens\u0103 \u00een municipiul R\u00e2mnicu V\u00e2lcea, \u00een colaborare cu autorit\u0103\u0163ile locale. AVARII SOLU\u0162IONATE. S-au remediat, \u00een timp util, avariile la conductele de ap\u0103 potabil\u0103 pe str\u0103zile<\/p>\n","protected":false},"author":1,"featured_media":0,"comment_status":"closed","ping_status":"closed","sticky":false,"template":"","format":"standard","meta":[],"categories":[30],"tags":[],"_links":{"self":[{"href":"https:\/\/apavil.ro\/index.php?rest_route=\/wp\/v2\/posts\/3868"}],"collection":[{"href":"https:\/\/apavil.ro\/index.php?rest_route=\/wp\/v2\/posts"}],"about":[{"href":"https:\/\/apavil.ro\/index.php?rest_route=\/wp\/v2\/types\/post"}],"author":[{"embeddable":true,"href":"https:\/\/apavil.ro\/index.php?rest_route=\/wp\/v2\/users\/1"}],"replies":[{"embeddable":true,"href":"https:\/\/apavil.ro\/index.php?rest_route=%2Fwp%2Fv2%2Fcomments&post=3868"}],"version-history":[{"count":1,"href":"https:\/\/apavil.ro\/index.php?rest_route=\/wp\/v2\/posts\/3868\/revisions"}],"predecessor-version":[{"id":3869,"href":"https:\/\/apavil.ro\/index.php?rest_route=\/wp\/v2\/posts\/3868\/revisions\/3869"}],"wp:attachment":[{"href":"https:\/\/apavil.ro\/index.php?rest_route=%2Fwp%2Fv2%2Fmedia&parent=3868"}],"wp:term":[{"taxonomy":"category","embeddable":true,"href":"https:\/\/apavil.ro\/index.php?rest_route=%2Fwp%2Fv2%2Fcategories&post=3868"},{"taxonomy":"post_tag","embeddable":true,"href":"https:\/\/apavil.ro\/index.php?rest_route=%2Fwp%2Fv2%2Ftags&post=3868"}],"curies":[{"name":"wp","href":"https:\/\/api.w.org\/{rel}","templated":true}]}}