{"id":3681,"date":"2022-01-26T07:26:26","date_gmt":"2022-01-26T05:26:26","guid":{"rendered":"https:\/\/apavil.ro\/?p=3681"},"modified":"2022-01-26T07:26:27","modified_gmt":"2022-01-26T05:26:27","slug":"informare-de-presa-situatia-centralizata-a-lucrarilor-derulate-de-apavil-sa-in-municipiul-ramnicu-valcea-in-perioada-04-09-ianuarie-2022","status":"publish","type":"post","link":"https:\/\/apavil.ro\/?p=3681","title":{"rendered":"Informare de pres\u0103 \u2013 Situa\u0163ia centralizat\u0103 a lucr\u0103rilor derulate de Apavil SA \u00een municipiul R\u00e2mnicu V\u00e2lcea \u00een perioada  04 \u2013 09 ianuarie 2022"},"content":{"rendered":"\n<p>\n<em><strong>APAVIL\nSA<\/strong><\/em><em>\na desf\u0103\u015furat \u015fi \u00een perioada 04 \u2013 09 ianuarie 2022 o activitate\nintens\u0103 \u00een municipiul R\u00e2mnicu V\u00e2lcea, \u00een colaborare cu\nautorit\u0103\u0163ile locale. <\/em>\n<\/p>\n\n\n\n<p>\n<strong>AVARII\nSOLU\u0162IONATE. <\/strong>S-au\nremediat, \u00een timp util, avariile la conductele de ap\u0103 potabil\u0103 pe\nstr\u0103zile I.C.Br\u0103tianu, Cop\u0103celu, Apusului \u0219i Calea lui Traian.<\/p>\n\n\n\n<p>\n<strong>POMPE\nCUR\u0102\u0162ATE. <\/strong>S-au\ncur\u0103\u021bat manual \u0219i mecanizat pompele din zonele: Arinilor, Bd. Dem\nR\u0103dulescu, Morilor, Goranu, R\u00e2ureni, Bogdan Amaru \u0219i Pasaj Dacia.<\/p>\n\n\n\n<p>\n<strong>PROBLEME\nPUNCTUALE<\/strong>.\nAu fost realizate o serie de lucr\u0103ri punctuale:<\/p>\n\n\n\n<ul><li>\n\ts-au\n\tcontinuat lucr\u0103rile de \u00eenlocuire re\u021bea de ap\u0103 potabil\u0103 pe\n\tstrada Calea lui Traian;\n\t<\/li><li>\n\ts-au\n\tcontinuat lucr\u0103rile de extindere re\u021bea de canalizare menajer\u0103 pe\n\tstrada Z\u0103voieni;\n\t<\/li><li>\n\ts-au\n\tcontinuat lucr\u0103rile de \u00eentregire re\u021bea de canalizare menajer\u0103 de\n\tla strada Lespezi p\u00e2n\u0103 la strada Kalamata;\n\t<\/li><li>\n\ts-a\n\tcontinuat verificarea \u0219i cur\u0103\u021barea gurilor de scurgere, a\n\tc\u0103minelor de canalizare menajer\u0103 \u0219i a colectoarelor, manual \u0219i\n\tmecanizat pe str\u0103zile Nicolae Iorga, Petri\u0219or \u0219i bulevardul\n\tTineretului;\n\t<\/li><li>\n\ts-a\n\tadus la starea ini\u021bial\u0103 suprafa\u021ba carosabil\u0103 \u00een zonele \u00een care\n\ts-a intervenit;\n\t<\/li><li>\n\tau\n\tfost aduse la cot\u0103 c\u0103minele de canalizare menajer\u0103\n\ttasate\/deteriorate.\n<\/li><\/ul>\n\n\n\n<p>\n<strong>\tRE\u021aELE\nDE CANALIZARE MENAJER\u0102 CUR\u0102\u0162ATE. <\/strong>S-a\nintervenit pentru desfundarea, cur\u0103\u021barea \u0219i sp\u0103larea mecanizat\u0103\na re\u021belelor de canalizare menajer\u0103 \u0219i a gurilor de scurgere la\nurm\u0103toarele adrese: strada\nNicolae Iorga \u2013 blocurile A17, A26, A27\/1 \u0219i A27\/2, Aleea\nStejarului \u2013 blocurile B4 \u0219i C4, Aleea Bradului \u2013 blocul B7,\nstrada Luceaf\u0103rului \u2013 blocurile A2 \u0219i A18, strada I.C. Br\u0103tianu\n\u2013 blocul A9, strada Remus Bellu \u2013 blocul 01, strada Mihai\nEminescu \u2013 blocurile B13 \u0219i B14, Aleea Gladiolelor \u2013 blocul C19,\nAleea Zorelelor \u2013 blocul C18, strada Aurel Vlaicu nr.9, strada\nPetri\u0219or \u2013 blocul P5, strada Calea lui Traian \u2013 blocurile D2,\n901, 31 \u0219i O2, strada Salc\u00e2mului, strada Ferdinand \u2013 blocul 08,\nstrada Lespezi, strada Matei Basarab \u2013 blocurile 94 \u0219i 95, Aleea\nMelodiei \u2013 blocul N9, strada Decebal \u2013 blocul D9, strada Henri\nCoand\u0103 \u2013 blocul S3, strada Doctor Hacman \u2013 blocul A1, strada\nOstroveni \u2013 blocul A14, strada \u0218tirbei Vod\u0103 \u2013 blocul U1 \u0219i\nTeatrul Ariel, Splaiul Independen\u021bei \u2013 blocul 4 \u0219i bulevardul\nTineretului \u2013 blocurile A16 \u0219i A18.<\/p>\n\n\n\n<p>\n\t<strong>7\n<\/strong><strong>APOMETRE\nVERIFICATE \u015eI MONTATE.<\/strong>\nTot \u00een aceast\u0103 perioad\u0103 au fost montate 7 apometre, dintre care 5\nverificate \u0219i \u00eenlocuite \u0219i 2 montaje apometre noi. De asemenea, au\nfost realizate 2 lucr\u0103ri de interven\u021bie la contoarele de ap\u0103 rece\nmontate \u00een re\u021bea \u0219i au fost\n\u00eentocmite\n7 avize de amplasament \u0219i un aviz tehnic.<\/p>\n\n\n\n<p class=\"has-text-align-center\">\n<strong>COMPARTIMENTUL COMUNICARE, MASS-MEDIA\nAL SOCIET\u0102\u021aII APAVIL SA<\/strong><\/p>\n","protected":false},"excerpt":{"rendered":"<p>APAVIL SA a desf\u0103\u015furat \u015fi \u00een perioada 04 \u2013 09 ianuarie 2022 o activitate intens\u0103 \u00een municipiul R\u00e2mnicu V\u00e2lcea, \u00een colaborare cu autorit\u0103\u0163ile locale. AVARII SOLU\u0162IONATE. S-au remediat, \u00een timp util, avariile la conductele de ap\u0103 potabil\u0103 pe str\u0103zile I.C.Br\u0103tianu,<\/p>\n","protected":false},"author":1,"featured_media":0,"comment_status":"closed","ping_status":"closed","sticky":false,"template":"","format":"standard","meta":[],"categories":[30],"tags":[],"_links":{"self":[{"href":"https:\/\/apavil.ro\/index.php?rest_route=\/wp\/v2\/posts\/3681"}],"collection":[{"href":"https:\/\/apavil.ro\/index.php?rest_route=\/wp\/v2\/posts"}],"about":[{"href":"https:\/\/apavil.ro\/index.php?rest_route=\/wp\/v2\/types\/post"}],"author":[{"embeddable":true,"href":"https:\/\/apavil.ro\/index.php?rest_route=\/wp\/v2\/users\/1"}],"replies":[{"embeddable":true,"href":"https:\/\/apavil.ro\/index.php?rest_route=%2Fwp%2Fv2%2Fcomments&post=3681"}],"version-history":[{"count":1,"href":"https:\/\/apavil.ro\/index.php?rest_route=\/wp\/v2\/posts\/3681\/revisions"}],"predecessor-version":[{"id":3682,"href":"https:\/\/apavil.ro\/index.php?rest_route=\/wp\/v2\/posts\/3681\/revisions\/3682"}],"wp:attachment":[{"href":"https:\/\/apavil.ro\/index.php?rest_route=%2Fwp%2Fv2%2Fmedia&parent=3681"}],"wp:term":[{"taxonomy":"category","embeddable":true,"href":"https:\/\/apavil.ro\/index.php?rest_route=%2Fwp%2Fv2%2Fcategories&post=3681"},{"taxonomy":"post_tag","embeddable":true,"href":"https:\/\/apavil.ro\/index.php?rest_route=%2Fwp%2Fv2%2Ftags&post=3681"}],"curies":[{"name":"wp","href":"https:\/\/api.w.org\/{rel}","templated":true}]}}