{"id":3077,"date":"2021-07-19T10:45:14","date_gmt":"2021-07-19T08:45:14","guid":{"rendered":"https:\/\/apavil.ro\/?p=3077"},"modified":"2021-11-09T14:54:30","modified_gmt":"2021-11-09T12:54:30","slug":"lucrari-de-igienizare-la-rezervoarele-de-inmagazinare-apa-potabila-din-stefanesti","status":"publish","type":"post","link":"https:\/\/apavil.ro\/?p=3077","title":{"rendered":"Lucr\u0103ri de igienizare la rezervoarele de \u00eenmagazinare ap\u0103 potabil\u0103 din \u0218tef\u0103ne\u0219ti"},"content":{"rendered":"\n<p> \u00cen perioada 29.06.2021 \u2013 01.07.2021, \u00eentre orele <strong>08:00 \u2013 16:00<\/strong> , \u00een comuna \u0218tef\u0103ne\u0219ti\u2013 punct de lucru <strong>Dobru\u0219a<\/strong>, Societatea Apavil S.A va executa lucr\u0103ri de sp\u0103lare \u0219i igienizare a rezervoarelor R1 de 200 m<sup>3<\/sup> \u0219i R2 de 200 m<sup>3<\/sup>. Vor fi executate opera\u021biuni de golire, evacuare a nisipului decantat \u0219i sp\u0103lare a pere\u021bilor \u0219i radierului rezervoarelor cu autospeciala hidrojet, tratare a spa\u021biului interior al rezervoarelor de \u00eenmagazinare ap\u0103 potabil\u0103 \u0219i apoi umplerea acestora cu ap\u0103 tratat\u0103.  <\/p>\n\n\n\n<p>\n\u00cen\ntimpul execut\u0103rii lucr\u0103rilor de igienizare, se va asigura\ncontinuitatea serviciului de alimentarea cu ap\u0103 alternativ din R1,\nrespectiv R2, \u00eens\u0103 acest lucru poate duce la cre\u0219terea\nturbidit\u0103\u021bii apei (ap\u0103 tulbure) \u00een comuna \u0218tef\u0103ne\u0219ti, at\u00e2t \u00een\nperioada 29.06.2021 \u2013 01.07.2021, c\u00e2t \u0219i \u00een urm\u0103toarele 2-3\nzile. Ac\u021biunea de sp\u0103lare \u0219i igienizare va fi urmat\u0103 de trecerea\nla schema normal\u0103 de func\u021bionare \u0219i apoi de purj\u0103ri prin\nhidran\u021bi, pe toat\u0103 lungimea re\u021belei de transport \u0219i distribu\u021bie\na apei potabile.<\/p>\n\n\n\n<p>\n<strong>COMPARTIMENTUL COMUNICARE, MASS-MEDIA\nAL SOCIET\u0102\u021aII APAVIL S.A<\/strong><\/p>\n","protected":false},"excerpt":{"rendered":"<p>\u00cen perioada 29.06.2021 \u2013 01.07.2021, \u00eentre orele 08:00 \u2013 16:00 , \u00een comuna \u0218tef\u0103ne\u0219ti\u2013 punct de lucru Dobru\u0219a, Societatea Apavil S.A va executa lucr\u0103ri de sp\u0103lare \u0219i igienizare a rezervoarelor R1 de 200 m3 \u0219i R2 de 200 m3. Vor<\/p>\n","protected":false},"author":1,"featured_media":0,"comment_status":"closed","ping_status":"closed","sticky":false,"template":"","format":"standard","meta":[],"categories":[30],"tags":[],"_links":{"self":[{"href":"https:\/\/apavil.ro\/index.php?rest_route=\/wp\/v2\/posts\/3077"}],"collection":[{"href":"https:\/\/apavil.ro\/index.php?rest_route=\/wp\/v2\/posts"}],"about":[{"href":"https:\/\/apavil.ro\/index.php?rest_route=\/wp\/v2\/types\/post"}],"author":[{"embeddable":true,"href":"https:\/\/apavil.ro\/index.php?rest_route=\/wp\/v2\/users\/1"}],"replies":[{"embeddable":true,"href":"https:\/\/apavil.ro\/index.php?rest_route=%2Fwp%2Fv2%2Fcomments&post=3077"}],"version-history":[{"count":2,"href":"https:\/\/apavil.ro\/index.php?rest_route=\/wp\/v2\/posts\/3077\/revisions"}],"predecessor-version":[{"id":3079,"href":"https:\/\/apavil.ro\/index.php?rest_route=\/wp\/v2\/posts\/3077\/revisions\/3079"}],"wp:attachment":[{"href":"https:\/\/apavil.ro\/index.php?rest_route=%2Fwp%2Fv2%2Fmedia&parent=3077"}],"wp:term":[{"taxonomy":"category","embeddable":true,"href":"https:\/\/apavil.ro\/index.php?rest_route=%2Fwp%2Fv2%2Fcategories&post=3077"},{"taxonomy":"post_tag","embeddable":true,"href":"https:\/\/apavil.ro\/index.php?rest_route=%2Fwp%2Fv2%2Ftags&post=3077"}],"curies":[{"name":"wp","href":"https:\/\/api.w.org\/{rel}","templated":true}]}}