{"id":2725,"date":"2021-03-05T12:19:46","date_gmt":"2021-03-05T10:19:46","guid":{"rendered":"https:\/\/apavil.ro\/?p=2725"},"modified":"2021-03-05T12:19:47","modified_gmt":"2021-03-05T10:19:47","slug":"situatia-centralizata-a-lucrarilor-derulate-de-apavil-sa-in-municipiul-rm-valcea-in-perioada-27-februarie-05-martie-2021","status":"publish","type":"post","link":"https:\/\/apavil.ro\/?p=2725","title":{"rendered":"SITUA\u0162IA CENTRALIZAT\u0102 A LUCR\u0102RILOR DERULATE DE  APAVIL SA \u00ceN MUNICIPIUL RM. V\u00c2LCEA \u00een perioada  27 februarie \u2013 05 martie 2021"},"content":{"rendered":"\n<p>\n<em><strong>APAVIL\nSA<\/strong><\/em><em>\na desf\u0103\u015furat \u015fi \u00een perioada 27 februarie \u2013 05 martie 2021 o\nactivitate intens\u0103 \u00een municipiul R\u00e2mnicu V\u00e2lcea, \u00een colaborare\ncu autorit\u0103\u0163ile locale. <\/em>\n<\/p>\n\n\n\n<p>\n<strong>AVARII\nSOLU\u0162IONATE. <\/strong>S-au\nremediat, \u00een timp util, avariile la conductele de ap\u0103 potabil\u0103 pe\nstr\u0103zile Calea lui Traian, Ostroveni, Depozitelor, Ferdinand \u0219i\nArinilor intersec\u021bie cu Geni\u0219tilor.<\/p>\n\n\n\n<p>\n<strong>LUCR\u0102RI\nDE AMENAJARE A TERENULUI.<\/strong>\n\u00cen vederea aducerii la starea ini\u021bial\u0103 a terenului deteriorat \u00een\nurma interven\u021biilor, s-au executat lucr\u0103ri de amenajare prin\nbetonare\/asfaltare pe strada Splaiul Independen\u021bei.<\/p>\n\n\n\n<p>\n <strong>POMPE\nCUR\u0102\u0162ATE. <\/strong>S-au\ncur\u0103\u021bat manual \u0219i mecanizat pompele din zonele: Arinilor, Bd. Dem\nR\u0103dulescu, Morilor \u0219i Goranu. \n<\/p>\n\n\n\n<p>\n<strong>PROBLEME\nPUNCTUALE<\/strong>.\nAu fost realizate o serie de lucr\u0103ri punctuale:<\/p>\n\n\n\n<ul><li>\n\ts-au\n\tfinalizat lucr\u0103rile de \u00eenlocuire re\u021bea ap\u0103 potabil\u0103 \u0219i\n\tbran\u0219amente pe strada Splaiul Independen\u021bei;\n\t<\/li><li>\n\ts-a\n\tcur\u0103\u021bat re\u021bea de canalizare menajer\u0103 pe strada I. C. Br\u0103tianu;\n\t<\/li><li>\n\ts-a\n\tcur\u0103\u021bat cheson pe bulevardul Dem R\u0103dulescu;\n\t<\/li><li>\n\ts-au\n\tridicat la cot\u0103 c\u0103mine de canalizare pe strada Calea lui Traian \u0219i\n\tbulevardul Tineretului;\n\t<\/li><li>\n\ts-a\n\tcontinuat verificarea \u0219i cur\u0103\u021barea gurilor de scurgere, a\n\tc\u0103minelor de canalizare menajer\u0103 \u0219i a colectoarelor, manual \u0219i\n\tmecanizat;\n\t<\/li><li>\n\ts-a\n\tadus la starea ini\u021bial\u0103 suprafa\u021ba carosabil\u0103 \u00een zonele \u00een care\n\ts-a intervenit;\n\t<\/li><li>\n\tau\n\tfost aduse la cot\u0103 c\u0103minele de canalizare menajer\u0103\n\ttasate\/deteriorate.   \n\t\n<\/li><\/ul>\n\n\n\n<p>\n<strong>RE\u021aELE\nDE CANALIZARE MENAJER\u0102 CUR\u0102\u0162ATE. <\/strong>S-a\nintervenit pentru desfundarea, cur\u0103\u021barea \u0219i sp\u0103larea mecanizat\u0103\na re\u021belelor de canalizare menajer\u0103 \u0219i a gurilor de scurgere la\nurm\u0103toarele adrese: strada\nKalamata, strada General Magheru \u2013 blocul S3, strada I. C. Br\u0103tianu\n\u2013 blocul A65, Aleea Gladiolelor \u2013 blocurile C18 \u0219i C19, strada\nLuceaf\u0103rului \u2013 blocul A19, strada Mihai Eminescu \u2013 blocul B13,\nAleea Panselu\u021belor \u2013 blocul C32, Aleea Stejarului \u2013 blocul C16,\nstrada Tudor Vladimirescu \u2013 blocul 5, strada Rapsodiei \u2013 blocul\nD10, strada Doamna Stanca, b-dul Pandurilor \u2013 blocurile A8\/1, b-dul\nTineretului \u2013 blocurile A11\/III \u0219i A12, strada Calea lui Traian \u2013\nblocurile 4, L \u0219i S20, Aleea Prim\u0103verii \u2013 blocul A5, strada\nNicolae Iorga \u2013 blocurile A24\/III \u0219i A97, strada Lespezi, Aleea\nNarciselor \u2013 blocul C28, strada Matei Basarab, strada Lucian Blaga\n\u2013 blocul A33, bulevardul Nicolae B\u0103lcescu, strada Ostroveni, Aleea\nTeilor \u2013 blocul B8, strada \u0218tirbei Vod\u0103 \u2013 blocul P1, Aleea\nMelodiei \u2013 blocul N9, str. Constantin Br\u00e2ncu\u0219i \u2013 bloc M3 \u0219i\nstrada R\u00e2ureni. \n<\/p>\n\n\n\n<p>\n<strong>32\nAPOMETRE VERIFICATE \u015eI MONTATE.<\/strong>\nTot \u00een aceast\u0103 perioad\u0103 au fost montate 32 de apometre, dintre\ncare 31 verificate \u0219i \u00eenlocuite \u0219i 1 montaj apometru nou. De\nasemenea, au fost realizate 7 lucr\u0103ri de interven\u021bie la contoarele\nde ap\u0103 rece montate \u00een re\u021bea \u0219i au fost \u00eentocmite 14 avize de\namplasament \u0219i 5 avize tehnice.<\/p>\n\n\n\n<p>\n<strong>COMPARTIMENTUL COMUNICARE, MASS-MEDIA\nAL SOCIET\u0102\u021aII APAVIL SA<\/strong><\/p>\n","protected":false},"excerpt":{"rendered":"<p>APAVIL SA a desf\u0103\u015furat \u015fi \u00een perioada 27 februarie \u2013 05 martie 2021 o activitate intens\u0103 \u00een municipiul R\u00e2mnicu V\u00e2lcea, \u00een colaborare cu autorit\u0103\u0163ile locale. AVARII SOLU\u0162IONATE. S-au remediat, \u00een timp util, avariile la conductele de ap\u0103 potabil\u0103 pe str\u0103zile<\/p>\n","protected":false},"author":1,"featured_media":0,"comment_status":"closed","ping_status":"open","sticky":false,"template":"","format":"standard","meta":[],"categories":[30],"tags":[],"_links":{"self":[{"href":"https:\/\/apavil.ro\/index.php?rest_route=\/wp\/v2\/posts\/2725"}],"collection":[{"href":"https:\/\/apavil.ro\/index.php?rest_route=\/wp\/v2\/posts"}],"about":[{"href":"https:\/\/apavil.ro\/index.php?rest_route=\/wp\/v2\/types\/post"}],"author":[{"embeddable":true,"href":"https:\/\/apavil.ro\/index.php?rest_route=\/wp\/v2\/users\/1"}],"replies":[{"embeddable":true,"href":"https:\/\/apavil.ro\/index.php?rest_route=%2Fwp%2Fv2%2Fcomments&post=2725"}],"version-history":[{"count":1,"href":"https:\/\/apavil.ro\/index.php?rest_route=\/wp\/v2\/posts\/2725\/revisions"}],"predecessor-version":[{"id":2726,"href":"https:\/\/apavil.ro\/index.php?rest_route=\/wp\/v2\/posts\/2725\/revisions\/2726"}],"wp:attachment":[{"href":"https:\/\/apavil.ro\/index.php?rest_route=%2Fwp%2Fv2%2Fmedia&parent=2725"}],"wp:term":[{"taxonomy":"category","embeddable":true,"href":"https:\/\/apavil.ro\/index.php?rest_route=%2Fwp%2Fv2%2Fcategories&post=2725"},{"taxonomy":"post_tag","embeddable":true,"href":"https:\/\/apavil.ro\/index.php?rest_route=%2Fwp%2Fv2%2Ftags&post=2725"}],"curies":[{"name":"wp","href":"https:\/\/api.w.org\/{rel}","templated":true}]}}