{"id":2360,"date":"2020-11-13T12:41:46","date_gmt":"2020-11-13T10:41:46","guid":{"rendered":"https:\/\/apavil.ro\/?p=2360"},"modified":"2020-11-13T12:41:46","modified_gmt":"2020-11-13T10:41:46","slug":"informare-de-presa-situatia-centralizata-a-lucrarilor-derulate-de-apavil-sa-in-municipiul-ramnicu-valcea-in-perioada-07-13-noiembrie-2020","status":"publish","type":"post","link":"https:\/\/apavil.ro\/?p=2360","title":{"rendered":"Informare de pres\u0103 \u2013 Situa\u0163ia centralizat\u0103 a lucr\u0103rilor derulate de Apavil SA \u00een municipiul R\u00e2mnicu V\u00e2lcea \u00een perioada 07 \u2013 13 noiembrie 2020"},"content":{"rendered":"\n<p>\n<em><strong>APAVIL\nSA<\/strong><\/em><em>\na desf\u0103\u015furat \u015fi \u00een perioada 07 \u2013 13 noiembrie 2020 o activitate\nintens\u0103 \u00een municipiul R\u00e2mnicu V\u00e2lcea, \u00een colaborare cu\nautorit\u0103\u0163ile locale. <\/em>\n<\/p>\n\n\n\n<p>\n<strong>AVARII\nSOLU\u0162IONATE. <\/strong>S-au\nremediat, \u00een timp util, avariile la conductele de ap\u0103 potabil\u0103 pe\nstr\u0103zile Calea lui Traian, Islazului \u0219i Colonie Nuci.<\/p>\n\n\n\n<p>\n<strong>LUCR\u0102RI\nDE AMENAJARE A TERENULUI.<\/strong>\n\u00cen vederea aducerii la starea ini\u021bial\u0103 a terenului deteriorat \u00een\nurma interven\u021biilor, s-au executat lucr\u0103ri de amenajare prin\nbetonare\/asfaltare pe str\u0103zile Buda, Alexandru Papiu, Arhiepiscop\nNicolae Lupu, Alunului \u0219i Colonie Nuci.<\/p>\n\n\n\n<p>\n <strong>POMPE\nCUR\u0102\u0162ATE. <\/strong>S-au\ncur\u0103\u021bat manual \u0219i mecanizat pompele din zonele: Arinilor, Bd. Dem\nR\u0103dulescu, Morilor, Goranu, Bogdan Amaru \u0219i Pasaj Dacia. \n<\/p>\n\n\n\n<p>\n<strong>PROBLEME\nPUNCTUALE<\/strong>.\nAu fost realizate o serie de lucr\u0103ri punctuale:<\/p>\n\n\n\n<ul><li>\n\ts-a\n\tigienizat perimetrul rezervorului de ap\u0103 Cet\u0103\u021buia;\n\t<\/li><li>\n\ts-au\n\t\u00eenceput lucr\u0103rile de extindere re\u021bea ap\u0103 potabil\u0103 \u0219i\n\tcanalizare pe strada Intrarea Grigore R\u00e2mniceanu;\n\t<\/li><li>\n\ts-au\n\tridicat la cot\u0103 c\u0103mine de canalizare pe strada Calea lui Traian;\n\t<\/li><li>\n\ts-a\n\t\u00eenlocuit gur\u0103 de scurgere pe strada Mihai Viteazu nr. 21;\n\t<\/li><li>\n\ts-a\n\tcur\u0103\u021bat c\u0103min de canalizare menajer\u0103 pe strada Dacia;\n\t<\/li><li>\n\ts-a\n\t\u00eenlocuit tronson de canalizare menajer\u0103 pe strada Grigore\n\tProcopiu;\n\t<\/li><li>\n\ts-a\n\tcontinuat verificarea \u0219i cur\u0103\u021barea gurilor de scurgere, a\n\tc\u0103minelor de canalizare menajer\u0103 \u0219i a colectoarelor, manual \u0219i\n\tmecanizat;\n\t<\/li><li>\n\ts-a\n\tadus la starea ini\u021bial\u0103 suprafa\u021ba carosabil\u0103 \u00een zonele \u00een care\n\ts-a intervenit;\n\t<\/li><li>\n\tau\n\tfost aduse la cot\u0103 c\u0103minele de canalizare menajer\u0103\n\ttasate\/deteriorate.   \n\t\n<\/li><\/ul>\n\n\n\n<p>\n<strong>RE\u021aELE\nDE CANALIZARE MENAJER\u0102 CUR\u0102\u0162ATE. <\/strong>S-a\nintervenit pentru desfundarea, cur\u0103\u021barea \u0219i sp\u0103larea mecanizat\u0103\na re\u021belelor de canalizare menajer\u0103 \u0219i a gurilor de scurgere la\nurm\u0103toarele adrese: strada Ferdinand \u2013 blocul O8, strada \u0218tirbei\nVod\u0103 nr. 13, strada Grigore Procopiu \u2013 blocul 63, strada Dacia,\nstrada Straubing, strada Buna Vestire, strada Kalamata, strada\nRapsodiei \u2013 blocurile D10 \u0219i R3, strada Iancu Pop \u2013 blocul 64,\nstrada Abatorului, strada Stolniceni nr. 167, strada Aurelian\nSacerdo\u021beanu, strada Nicolae Iorga \u2013 blocurile A25, A27\/1 \u0219i\nA33\/I,  strada Calea lui Traian \u2013 blocurile B9 \u0219i S16, strada\nRegina Maria \u2013 blocul I, strada Mihai Eminescu \u2013 blocul B12,\nstrada Aleea Bradului \u2013 blocul C5, strada Aleea Panselu\u021belor \u2013\nblocurile C23, C28 \u0219i C30, strada Ostroveni \u2013 A41\/I \u0219i Splaiul\nIndependen\u021bei \u2013 blocul 6.<\/p>\n\n\n\n<p>\n<strong>13\nAPOMETRE VERIFICATE \u015eI MONTATE.<\/strong>\nTot \u00een aceast\u0103 perioad\u0103 au fost montate 13 de apometre, dintre\ncare 7 verificate \u0219i \u00eenlocuite \u0219i 6 montaje apometre noi. De\nasemenea, au fost realizate 9 lucr\u0103ri de interven\u021bie la contoarele\nde ap\u0103 rece montate \u00een re\u021bea \u0219i au fost \u00eentocmite 23 avize de\namplasament \u0219i un aviz tehnic.<\/p>\n\n\n\n<p>\n<strong>COMPARTIMENTUL COMUNICARE, MASS-MEDIA\nAL SOCIET\u0102\u021aII APAVIL SA<\/strong><\/p>\n","protected":false},"excerpt":{"rendered":"<p>APAVIL SA a desf\u0103\u015furat \u015fi \u00een perioada 07 \u2013 13 noiembrie 2020 o activitate intens\u0103 \u00een municipiul R\u00e2mnicu V\u00e2lcea, \u00een colaborare cu autorit\u0103\u0163ile locale. AVARII SOLU\u0162IONATE. S-au remediat, \u00een timp util, avariile la conductele de ap\u0103 potabil\u0103 pe str\u0103zile Calea<\/p>\n","protected":false},"author":1,"featured_media":0,"comment_status":"closed","ping_status":"open","sticky":false,"template":"","format":"standard","meta":[],"categories":[30],"tags":[],"_links":{"self":[{"href":"https:\/\/apavil.ro\/index.php?rest_route=\/wp\/v2\/posts\/2360"}],"collection":[{"href":"https:\/\/apavil.ro\/index.php?rest_route=\/wp\/v2\/posts"}],"about":[{"href":"https:\/\/apavil.ro\/index.php?rest_route=\/wp\/v2\/types\/post"}],"author":[{"embeddable":true,"href":"https:\/\/apavil.ro\/index.php?rest_route=\/wp\/v2\/users\/1"}],"replies":[{"embeddable":true,"href":"https:\/\/apavil.ro\/index.php?rest_route=%2Fwp%2Fv2%2Fcomments&post=2360"}],"version-history":[{"count":1,"href":"https:\/\/apavil.ro\/index.php?rest_route=\/wp\/v2\/posts\/2360\/revisions"}],"predecessor-version":[{"id":2361,"href":"https:\/\/apavil.ro\/index.php?rest_route=\/wp\/v2\/posts\/2360\/revisions\/2361"}],"wp:attachment":[{"href":"https:\/\/apavil.ro\/index.php?rest_route=%2Fwp%2Fv2%2Fmedia&parent=2360"}],"wp:term":[{"taxonomy":"category","embeddable":true,"href":"https:\/\/apavil.ro\/index.php?rest_route=%2Fwp%2Fv2%2Fcategories&post=2360"},{"taxonomy":"post_tag","embeddable":true,"href":"https:\/\/apavil.ro\/index.php?rest_route=%2Fwp%2Fv2%2Ftags&post=2360"}],"curies":[{"name":"wp","href":"https:\/\/api.w.org\/{rel}","templated":true}]}}