{"id":2222,"date":"2020-10-08T12:15:23","date_gmt":"2020-10-08T10:15:23","guid":{"rendered":"https:\/\/apavil.ro\/?p=2222"},"modified":"2020-10-08T12:15:23","modified_gmt":"2020-10-08T10:15:23","slug":"informare-de-presa-activitate-intensa-la-apavil-s-a-centru-vest-08-octombrie-2020","status":"publish","type":"post","link":"https:\/\/apavil.ro\/?p=2222","title":{"rendered":"Informare de pres\u0103 \u2013 Activitate intens\u0103 la Apavil S.A. &#8211; \u201cCentru Vest\u201d 08 octombrie 2020"},"content":{"rendered":"\n<p>\n<strong>APAVIL\n SA \u2013 Centru Exploatare Vest<\/strong>\na desf\u0103\u015furat \u00een s\u0103pt\u0103m\u00e2na 28 septembrie \u2013 04 octombrie 2020 o\nserie de activit\u0103\u0163i \u00een \u00eentreaga arie de operare.<\/p>\n\n\n\n<p>\n<strong>AVARII\nREZOLVATE. <\/strong>\u00cen\naceast\u0103 perioad\u0103 au avut loc mai multe interven\u021bii pentru\neliminarea pierderilor de ap\u0103 \u00een timp util la bran\u0219amente\nPEHD\nDn 20: ora\u0219ul Horezu \u2013 strada R\u00e2me\u0219ti; conduct\u0103 PEHD Dn 25:\ncomuna P\u0103u\u0219e\u0219ti \u2013 satele Barcanele, \u0218erb\u0103ne\u0219ti \u0219i V\u0103leni,\ncomuna Pietrari \u2013 satele Pietrari \u0219i Pietrarii de Sus,\ncomuna\nFr\u00eence\u0219ti \u2013 satul Mo\u0219teni,\ncomuna\nMih\u0103e\u0219ti \u2013 satul Vulpuie\u0219ti,\nora\u0219ul\nB\u0103beni \u2013 strada Remizei, ora\u0219ul Horezu \u2013 satele Romanii de Sus\n\u0219i Ur\u0219ani \u0219i ora\u0219ul B\u0103ile Govora \u2013 strada Tudor Vladimirescu;\nconduct\u0103 PEHD Dn 32: comuna Bune\u0219ti \u2013 satul Treime, comuna\nTom\u0219ani \u2013 satul Bogd\u0103ne\u0219ti \u0219i ora\u0219ul B\u0103ile Govora \u2013 strada\nViorelelor; conduct\u0103 PEHD Dn 110: comuna Pietrari \u2013 satul\nPietrari, comuna Tom\u0219ani \u2013 strada Principal\u0103 \u0219i ora\u0219ul Horezu \u2013\nstrada Mircea cel B\u0103tr\u00e2n;\nconduct\u0103\nPEHD Dn 140: ora\u0219ul B\u0103beni \u2013 strada Ariei;\nconduct\u0103\nPEHD Dn 160: ora\u0219ul Horezu  \u2013 strada General Magheru; conduct\u0103 OL\n89: comuna M\u0103ld\u0103re\u0219ti \u2013 satul M\u0103ld\u0103re\u0219ti \u0219i ora\u0219ul Horezu \u2013\nstr\u0103zile Olari \u0219i T\u0103n\u0103se\u0219ti;\nconduct\u0103\nOL 90: comuna Mih\u0103e\u0219ti \u2013 satul Guri\u0219oara; conduct\u0103 OL 400:\nora\u0219ul Horezu \u2013 strada Olari. De asemenea, s-a intervenit la\navarii \u00een comuna Galicea \u2013 satele Bratia din Vale \u0219i Galicea,\ncomuna \u0218irineasa \u2013 satul \u0218irineasa \u0219i ora\u0219ul B\u0103ile Govora \u2013\nstrada Palangine.<\/p>\n\n\n\n<p>\nLa\naceste interven\u021bii s-au efectuat opera\u021biile necesare remedierii\nproblemelor \u0219i de aducere la starea ini\u021bial\u0103 a terenului. \n<\/p>\n\n\n\n<p>\n<strong>PROBLEME\nPUNCTUALE. <\/strong>Au\nfost realizate o serie de lucr\u0103ri punctuale: \n<\/p>\n\n\n\n<ul><li>\n\ts-a\n\tefectuat sp\u0103larea re\u021belei de ap\u0103 potabil\u0103 cuprins\u0103 \u00eentre\n\tSta\u021bia de ap\u0103 Bune\u0219ti \u0219i satele Fire\u0219ti \u0219i R\u00e2p\u0103ne\u0219ti;\n\t<\/li><li>\n\ts-a\n\tdesfundat canalizarea din ora\u0219ul B\u0103beni \u2013 strada Aleea Liceului;\n\t<\/li><li>\n\ts-au\n\tdecolmatat \u0219i sp\u0103lat racordurile de canalizare din ora\u0219ul B\u0103ile\n\tGovora \u2013 str\u0103zile Bradului \u0219i Horia, Clo\u0219ca \u0219i Cri\u0219an;\n\t<\/li><li>\n\ts-a\n\trealizat trecerea unui utilizator pe re\u021beaua nou\u0103 de ap\u0103 potabil\u0103\n\tdin ora\u0219ul B\u0103beni \u2013 strada Unirii;\n\t<\/li><li>\n\ts-au\n\tdecolmatat, cur\u0103\u021bat \u0219i sp\u0103lat pompele aferente Sta\u021biilor de\n\trepompare ap\u0103 menajer\u0103 Bune\u0219ti R\u00e2u \u0219i G\u0103teje\u0219ti din comuna\n\tBune\u0219ti;\n\t<\/li><li>\n\ts-au\n\tefectuat lucr\u0103ri de extindere re\u021bea ap\u0103 potabil\u0103 PEHD Dn 50 \u0219i\n\trealizare bran\u0219amente ap\u0103 \u00een comuna Mih\u0103e\u0219ti \u2013 satul\n\tGuri\u0219oara;\n\t<\/li><li>\n\ts-au\n\tcur\u0103\u021bat c\u0103minele de canalizare cuprinse \u00eentre Sta\u021bia de\n\trepompare G\u0103teje\u0219ti \u0219i Sta\u021bia de epurare Bune\u0219ti din comuna\n\tBune\u0219ti;\n\t<\/li><li>\n\ts-a\n\tasigurat asisten\u021b\u0103 tehnic\u0103 pentru realizarea de bran\u0219amente noi\n\t\u00een comuna Galicea \u2013 satele Cremenari \u0219i Galicea \u0219i ora\u0219ul\n\tB\u0103beni \u2013 strada Bonciu;\n\t<\/li><li>\n\ts-a\n\tasigurat asisten\u021b\u0103 tehnic\u0103 pentru realizarea de racorduri de\n\tcanalizare \u00een comuna \u0218irineasa \u2013 satul \u0218irineasa;\n\t<\/li><li>\n\ts-a\n\tcur\u0103\u021bat \u0219i decolmatat barajul de captare R\u00e2me\u0219ti;\n\t<\/li><li>\n\tau\n\tfost verifica\u021bi parametrii apei potabile furnizate \u00een sistemele\n\tGovora, Mih\u0103e\u0219ti, Bune\u0219ti, P\u0103u\u0219e\u0219ti, Pietrari, Fr\u00e2nce\u0219ti;\n\t<\/li><li>\n\ts-au\n\tvidanjat \u0219i cur\u0103\u021bat c\u0103minele sta\u021biilor de repompare ap\u0103 uzat\u0103,\n\tcare necesit\u0103 golire periodic\u0103, din localit\u0103\u021bile B\u0103beni,\n\tTom\u0219ani, Cerni\u0219oara, \u0218irineasa \u0219i Nicolae B\u0103lcescu;\n\t<\/li><li>\n\ts-a\n\tasigurat monitorizarea permanent\u0103 a func\u021bion\u0103rii echipamentelor\n\tla sta\u021biile de captare, tratare, pompare \u0219i distribu\u021bie ap\u0103\n\tpotabil\u0103, a sta\u021biilor de retratare ap\u0103 potabil\u0103, a sta\u021biilor de\n\trepompare ap\u0103 potabil\u0103, a sta\u021biilor de epurare ape uzate, a\n\trezervoarelor de \u00eenmagazinare ap\u0103 potabil\u0103 \u0219i a sta\u021biilor de\n\trepompare ape uzate din cadrul sectorului B\u0103beni;\n\t<\/li><li>\n\ts-a\n\tasigurat monitorizarea permanent\u0103 a func\u021bion\u0103rii echipamentelor\n\tla sta\u021biile de pompare ap\u0103 \u0219i a sta\u021biilor de repompare ape uzate\n\tdin cadrul sectorului Govora, zonele Pietrari, Bune\u0219ti \u0219i P\u0103u\u0219e\u0219ti\n\t\u2013 Ot\u0103s\u0103u;\n\t<\/li><li>\n\ta\n\tfost asigurat\u0103 buna func\u021bionare a re\u021belelor de ap\u0103 \u0219i\n\tcanalizare din \u00eentreaga arie de operare a Centrului de Exploatare\n\tVest.\n<\/li><\/ul>\n\n\n\n<p>\n<strong>APOMETRE\nVERIFICATE \u0218I MONTATE. <\/strong>Tot\n\u00een aceast\u0103 perioad\u0103 au fost verificate \u015fi \u00eenlocuite apometre \u00een\ntoat\u0103 aria de operare, acolo unde acestora urma s\u0103 le expire\nverificarea metrologic\u0103 sau erau deteriorate.<\/p>\n","protected":false},"excerpt":{"rendered":"<p>APAVIL SA \u2013 Centru Exploatare Vest a desf\u0103\u015furat \u00een s\u0103pt\u0103m\u00e2na 28 septembrie \u2013 04 octombrie 2020 o serie de activit\u0103\u0163i \u00een \u00eentreaga arie de operare. AVARII REZOLVATE. \u00cen aceast\u0103 perioad\u0103 au avut loc mai multe interven\u021bii pentru eliminarea pierderilor de<\/p>\n","protected":false},"author":1,"featured_media":0,"comment_status":"closed","ping_status":"open","sticky":false,"template":"","format":"standard","meta":[],"categories":[30],"tags":[],"_links":{"self":[{"href":"https:\/\/apavil.ro\/index.php?rest_route=\/wp\/v2\/posts\/2222"}],"collection":[{"href":"https:\/\/apavil.ro\/index.php?rest_route=\/wp\/v2\/posts"}],"about":[{"href":"https:\/\/apavil.ro\/index.php?rest_route=\/wp\/v2\/types\/post"}],"author":[{"embeddable":true,"href":"https:\/\/apavil.ro\/index.php?rest_route=\/wp\/v2\/users\/1"}],"replies":[{"embeddable":true,"href":"https:\/\/apavil.ro\/index.php?rest_route=%2Fwp%2Fv2%2Fcomments&post=2222"}],"version-history":[{"count":1,"href":"https:\/\/apavil.ro\/index.php?rest_route=\/wp\/v2\/posts\/2222\/revisions"}],"predecessor-version":[{"id":2223,"href":"https:\/\/apavil.ro\/index.php?rest_route=\/wp\/v2\/posts\/2222\/revisions\/2223"}],"wp:attachment":[{"href":"https:\/\/apavil.ro\/index.php?rest_route=%2Fwp%2Fv2%2Fmedia&parent=2222"}],"wp:term":[{"taxonomy":"category","embeddable":true,"href":"https:\/\/apavil.ro\/index.php?rest_route=%2Fwp%2Fv2%2Fcategories&post=2222"},{"taxonomy":"post_tag","embeddable":true,"href":"https:\/\/apavil.ro\/index.php?rest_route=%2Fwp%2Fv2%2Ftags&post=2222"}],"curies":[{"name":"wp","href":"https:\/\/api.w.org\/{rel}","templated":true}]}}