{"id":2200,"date":"2020-10-02T12:11:55","date_gmt":"2020-10-02T10:11:55","guid":{"rendered":"https:\/\/apavil.ro\/?p=2200"},"modified":"2020-10-02T12:11:55","modified_gmt":"2020-10-02T10:11:55","slug":"informare-de-presa-situatia-centralizata-a-lucrarilor-derulate-de-apavil-sa-in-municipiul-ramnicu-valcea-in-perioada-26-septembrie-02-octombrie-2020","status":"publish","type":"post","link":"https:\/\/apavil.ro\/?p=2200","title":{"rendered":"Informare de pres\u0103 \u2013 Situa\u0163ia centralizat\u0103 a lucr\u0103rilor derulate de Apavil SA \u00een municipiul R\u00e2mnicu V\u00e2lcea \u00een perioada 26 septembrie &#8211;  02 octombrie 2020"},"content":{"rendered":"\n<p>\n<em><strong>APAVIL\nSA<\/strong><\/em><em>\na desf\u0103\u015furat \u015fi \u00een perioada <\/em><em>26\nseptembrie \u2013 02 octombrie<\/em><em>2020\no activitate intens\u0103 \u00een municipiul R\u00e2mnicu V\u00e2lcea, \u00een colaborare\ncu autorit\u0103\u0163ile locale. <\/em>\n<\/p>\n\n\n\n<p>\n<strong>AVARII\nSOLU\u0162IONATE. <\/strong>S-au\nremediat, \u00een timp util, pierderile de ap\u0103 potabil\u0103 pe str\u0103zile:\nDrago\u0219 Serafim, Kalamata nr. 32, Depozitelor \u2013 Unisem, Apusului \u0219i\nCalea lui Traian &#8211; Bl. S5, Sc B.<\/p>\n\n\n\n<p>\n <strong>LUCR\u0102RI\nDE AMENAJARE A TERENULUI.<\/strong>\n\u00cen vederea aducerii la starea ini\u021bial\u0103 a terenului deteriorat \u00een\nurma interven\u021biilor, s-au executat lucr\u0103ri de amenajare prin\nbetonare\/asfaltare pe str\u0103zile: Kalamata, Gib Mih\u0103escu, Drago\u0219\nSerafim \u0219i\nAlunului.<\/p>\n\n\n\n<p>\n<strong>POMPE\nCUR\u0102\u0162ATE. <\/strong>S-au\ncur\u0103\u021bat manual \u0219i mecanizat pompele din zonele: Arinilor, bd. Dem\nR\u0103dulescu \u0219i Morilor<strong>.<\/strong><\/p>\n\n\n\n<p>\n<strong>PROBLEME\nPUNCTUALE<\/strong>.\nAu fost realizate o serie de lucr\u0103ri punctuale:<\/p>\n\n\n\n<ul><li>\n\ts-a\n\tasigurat asisten\u021b\u0103 tehnic\u0103 pe strada Prof. Dr. Corneliu Tama\u0219\n\tnr. 12;\n\t<\/li><li>\n\tcontinu\u0103\n\tlucr\u0103rile de extindere a re\u021belei de ap\u0103 pe strada Livezi;\n\t<\/li><li>\n\ta\n\tfost \u00eenlocuit\u0103 van\u0103 defect\u0103 cu van\u0103 subteran\u0103 D 80mm, complet\n\techipat\u0103,  pe strada Gib Mih\u0103escu;\n\t<\/li><li>\n\tau\n\tfost \u00eenlocuite capac \u0219i ram\u0103 c\u0103min pe str. Lucian Blaga;\n\t<\/li><li>\n\ts-au\n\tcur\u0103\u021bat bazinele pompelor de la pasajele Dacia si Bogdan Amaru ;\n\t<\/li><li>\n\ta\n\tfost \u00eenlocuit tronsonul de canalizare afectat\u0103 pe b-dul\n\tTineretului \u2013 Bl. A54; \n\t\n\t<\/li><li>\n\t\ts-a\n\tcontinuat verificarea \u0219i cur\u0103\u021barea gurilor de scurgere, a\n\tc\u0103minelor de canalizare menajer\u0103 \u0219i a colectoarelor, manual \u0219i\n\tmecanizat; \n\t\n\t<\/li><li>\n\ts-a\n\tadus la starea ini\u021bial\u0103 suprafa\u021ba carosabil\u0103 \u00een zonele \u00een care\n\ts-a intervenit;\n\t<\/li><li>\n\tau\n\tfost aduse la cot\u0103 c\u0103minele de canalizare menajer\u0103\n\ttasate\/deteriorate.   \n\t\n<\/li><\/ul>\n\n\n\n<p>\n<strong>RE\u021aELE\nDE CANALIZARE MENAJER\u0102 CUR\u0102\u0162ATE. <\/strong>S-a\nintervenit pentru desfundarea, cur\u0103\u021barea \u0219i sp\u0103larea mecanizat\u0103\na re\u021belelor de canalizare menajer\u0103 \u0219i a gurilor de scurgere la\nurm\u0103toarele adrese: str.\nKalamata, str. I. C. Br\u0103tianu \u2013 Bl.S1, sc. B, str. Henri Coand\u0103 \u2013\nBl. N9, sc. D, str. Decebal &#8211; Bl. F1, sc. C, str. Independen\u021bei \u2013\nBl. 1, sc. C, b-dul Tineretului \u2013 Bl. S2 sc\u0103rile B \u0219i C, Bl.\nA11\/3, sc\u0103rile B \u0219i C, Bl. A56 \u0219i Bl. A54,  str. Straubing, str.\nMatei Basarab \u2013 Bl. 112, sc. A, Bl. A3, sc\u0103rile A \u0219i B, str.\nMihai Viteazu, str. Remus Belu , Aleea Cocorilor \u2013 Bl. 22, str.\nNicolae Iorga \u2013 Bl. A93, sc. A, Bl. A24\/3, sc. B, str. Calea lui\nTraian \u2013 Bl. S13 \u0219i Bl. 9, str. Ion Creang\u0103, str. General Magheru\n\u2013 Bl. S4, str. Lucian Blaga \u2013 Bl. A52, sc. C, str. P\u0103cii\n(Gr\u0103dini\u021ba nr.2 Ostroveni), str. Regina Maria \u2013 Bl. C12, Aleea\nOl\u0103ne\u0219ti \u2013 Bl.9  \u0219i bulevardul Nicolae B\u0103lcescu.<\/p>\n\n\n\n<p>\n<strong>9\nAPOMETRE VERIFICATE \u015eI MONTATE.<\/strong>\nTot \u00een aceast\u0103 perioad\u0103 au fost montate 9 apometre, dintre care 4\nverificate \u0219i \u00eenlocuite \u0219i 5 montaje apometre noi. De asemenea, au\nfost realizate 9 lucr\u0103ri de interven\u021bie la contoarele de ap\u0103 rece\nmontate \u00een re\u021bea \u0219i au fost \u00eentocmite 4 avize de amplasament \u0219i\n5 avize tehnice.\n<\/p>\n","protected":false},"excerpt":{"rendered":"<p>APAVIL SA a desf\u0103\u015furat \u015fi \u00een perioada 26 septembrie \u2013 02 octombrie2020 o activitate intens\u0103 \u00een municipiul R\u00e2mnicu V\u00e2lcea, \u00een colaborare cu autorit\u0103\u0163ile locale. AVARII SOLU\u0162IONATE. S-au remediat, \u00een timp util, pierderile de ap\u0103 potabil\u0103 pe str\u0103zile: Drago\u0219 Serafim, Kalamata<\/p>\n","protected":false},"author":1,"featured_media":0,"comment_status":"closed","ping_status":"open","sticky":false,"template":"","format":"standard","meta":[],"categories":[30],"tags":[],"_links":{"self":[{"href":"https:\/\/apavil.ro\/index.php?rest_route=\/wp\/v2\/posts\/2200"}],"collection":[{"href":"https:\/\/apavil.ro\/index.php?rest_route=\/wp\/v2\/posts"}],"about":[{"href":"https:\/\/apavil.ro\/index.php?rest_route=\/wp\/v2\/types\/post"}],"author":[{"embeddable":true,"href":"https:\/\/apavil.ro\/index.php?rest_route=\/wp\/v2\/users\/1"}],"replies":[{"embeddable":true,"href":"https:\/\/apavil.ro\/index.php?rest_route=%2Fwp%2Fv2%2Fcomments&post=2200"}],"version-history":[{"count":1,"href":"https:\/\/apavil.ro\/index.php?rest_route=\/wp\/v2\/posts\/2200\/revisions"}],"predecessor-version":[{"id":2201,"href":"https:\/\/apavil.ro\/index.php?rest_route=\/wp\/v2\/posts\/2200\/revisions\/2201"}],"wp:attachment":[{"href":"https:\/\/apavil.ro\/index.php?rest_route=%2Fwp%2Fv2%2Fmedia&parent=2200"}],"wp:term":[{"taxonomy":"category","embeddable":true,"href":"https:\/\/apavil.ro\/index.php?rest_route=%2Fwp%2Fv2%2Fcategories&post=2200"},{"taxonomy":"post_tag","embeddable":true,"href":"https:\/\/apavil.ro\/index.php?rest_route=%2Fwp%2Fv2%2Ftags&post=2200"}],"curies":[{"name":"wp","href":"https:\/\/api.w.org\/{rel}","templated":true}]}}