{"id":2133,"date":"2020-09-30T13:48:40","date_gmt":"2020-09-30T11:48:40","guid":{"rendered":"https:\/\/apavil.ro\/?p=2133"},"modified":"2020-09-30T13:49:20","modified_gmt":"2020-09-30T11:49:20","slug":"anunt-sistare-furnizare-apa-potabila-pe-strada-gib-mihaescu-ramnicu-valcea-in-data-de-01-10-2020","status":"publish","type":"post","link":"https:\/\/apavil.ro\/?p=2133","title":{"rendered":"Anun\u021b sistare furnizare ap\u0103 potabil\u0103 pe strada Gib Mih\u0103escu, R\u00e2mnicu V\u00e2lcea \u00een data de 01.10. 2020"},"content":{"rendered":"\n<p> Ca urmare a execut\u0103rii lucr\u0103rilor de \u00eenlocuire a vanei D 100mm existent\u0103 pe strada Gib Mih\u0103escu, R\u00e2mnicu  V\u00e2lcea, v\u0103 inform\u0103m c\u0103 \u00een data de <strong>01.10.2020<\/strong> \u00eentre orele <strong>10:<\/strong><sup><strong>00<\/strong><\/sup><strong>\u2013 13:<\/strong><sup><strong>00<\/strong><\/sup> se  va  \u00eentrerupe furnizarea apei potabile la consumatorii care locuiesc pe strada Gib Mih\u0103escu (de la nr. 8B p\u00e2n\u0103 la intersec\u021bia cu strada Maior V. Popescu), Bl. F5, Bl. S4, Bl. S5, blocurile 1 \u0219i 2 &#8211; strada Gib Mih\u0103escu nr.8B \u0219i Bl. 3 &#8211; strada Gib Mih\u0103escu nr.8, R\u00e2mnicu V\u00e2lcea, jude\u021bul V\u00e2lcea.<\/p>\n\n\n\n<p>\nEchipele\nde interven\u021bie ale APAVIL SA vor face eforturi sus\u021binute pentru\nrealizarea lucr\u0103rilor \u00een cel mai scurt timp posibil.<\/p>\n\n\n\n<p>\nPentru\nasigurarea parametrilor de potabilitate a apei din re\u021bea certifica\u021bi\nprin buletine de analiz\u0103 a apei \u00een sec\u021biunea de interven\u021bie\n(\u00eenainte \u0219i dup\u0103 sp\u0103larea re\u021belei) angaja\u021bii  APAVIL SA vor\nefectua purj\u0103ri \u00een zona respectiv\u0103 \u0219i \u00een zone adiacente \u00een care\nexist\u0103 posibilitatea modific\u0103rii parametrilor de potabilitate.\nRecomand\u0103m \u0219i consumatorilor afecta\u021bi ca imediat dup\u0103 pornire s\u0103\nlase s\u0103 curg\u0103 cantitatea de ap\u0103 necesar\u0103 elimin\u0103rii apei cu\nimpurit\u0103\u021bi produse ca urmare a \u00eentreruperii furniz\u0103rii apei.<\/p>\n\n\n\n<p>\nCheltuielile\nocazionate de cantitatea de ap\u0103 eliminat\u0103 vor fi suportate de c\u0103tre\nApavil SA  \u00een urma unor solicit\u0103ri scrise ale beneficiarilor,\nconfirmate de speciali\u0219tii societ\u0103\u021bii noastre.<\/p>\n\n\n\n<p>\nCOMPARTIMENTUL\nCOMUNICARE, MASS \u2013 MEDIA AL SOCIET\u0102\u021aII APAVIL S.A.<\/p>\n","protected":false},"excerpt":{"rendered":"<p>Ca urmare a execut\u0103rii lucr\u0103rilor de \u00eenlocuire a vanei D 100mm existent\u0103 pe strada Gib Mih\u0103escu, R\u00e2mnicu V\u00e2lcea, v\u0103 inform\u0103m c\u0103 \u00een data de 01.10.2020 \u00eentre orele 10:00\u2013 13:00 se va \u00eentrerupe furnizarea apei potabile la consumatorii care locuiesc pe<\/p>\n","protected":false},"author":1,"featured_media":0,"comment_status":"closed","ping_status":"open","sticky":false,"template":"","format":"standard","meta":[],"categories":[30],"tags":[],"_links":{"self":[{"href":"https:\/\/apavil.ro\/index.php?rest_route=\/wp\/v2\/posts\/2133"}],"collection":[{"href":"https:\/\/apavil.ro\/index.php?rest_route=\/wp\/v2\/posts"}],"about":[{"href":"https:\/\/apavil.ro\/index.php?rest_route=\/wp\/v2\/types\/post"}],"author":[{"embeddable":true,"href":"https:\/\/apavil.ro\/index.php?rest_route=\/wp\/v2\/users\/1"}],"replies":[{"embeddable":true,"href":"https:\/\/apavil.ro\/index.php?rest_route=%2Fwp%2Fv2%2Fcomments&post=2133"}],"version-history":[{"count":3,"href":"https:\/\/apavil.ro\/index.php?rest_route=\/wp\/v2\/posts\/2133\/revisions"}],"predecessor-version":[{"id":2136,"href":"https:\/\/apavil.ro\/index.php?rest_route=\/wp\/v2\/posts\/2133\/revisions\/2136"}],"wp:attachment":[{"href":"https:\/\/apavil.ro\/index.php?rest_route=%2Fwp%2Fv2%2Fmedia&parent=2133"}],"wp:term":[{"taxonomy":"category","embeddable":true,"href":"https:\/\/apavil.ro\/index.php?rest_route=%2Fwp%2Fv2%2Fcategories&post=2133"},{"taxonomy":"post_tag","embeddable":true,"href":"https:\/\/apavil.ro\/index.php?rest_route=%2Fwp%2Fv2%2Ftags&post=2133"}],"curies":[{"name":"wp","href":"https:\/\/api.w.org\/{rel}","templated":true}]}}