{"id":2126,"date":"2020-09-29T09:34:07","date_gmt":"2020-09-29T07:34:07","guid":{"rendered":"https:\/\/apavil.ro\/?p=2126"},"modified":"2020-09-29T09:34:08","modified_gmt":"2020-09-29T07:34:08","slug":"anunt-sistare-furnizare-apa-potabila-pe-strada-prof-dr-corneliu-tamas-ramnicu-valcea-in-data-de-30-09-2020","status":"publish","type":"post","link":"https:\/\/apavil.ro\/?p=2126","title":{"rendered":"Anun\u021b sistare furnizare ap\u0103 potabil\u0103  pe strada Prof. Dr. Corneliu Tama\u0219,  R\u00e2mnicu  V\u00e2lcea  \u00een data de 30. 09. 2020"},"content":{"rendered":"\n<p>\nCa\nurmare a execut\u0103rii lucr\u0103rilor de conectare a extinderii re\u021belei\nde ap\u0103 din PE D 110mm \u0219i a bran\u0219amentului din PE D 25mm, cu\nre\u021beaua de distribu\u021bie ap\u0103 potabil\u0103 din PE D 110mm, existent\u0103 pe\n strada Prof. Dr. Corneliu Tama\u0219, din R\u00e2mnicu  V\u00e2lcea, lucr\u0103ri\nexecutate de SC Percom Imobiliare SRL, v\u0103 inform\u0103m c\u0103 \u00een data de\n<strong>30.\n09. 2020<\/strong>\n\u00een\nintervalul orar<strong>\n9<\/strong><sup><strong>00<\/strong><\/sup><strong>\n&#8211; 13<\/strong><sup><strong>00<\/strong><\/sup>se\nva  \u00eentrerupe  furnizarea apei potabile c\u0103tre consumatorii care\nlocuiesc\u00een\nR\u00e2mnicu V\u00e2lcea, pe strada Prof. Dr. Corneliu Tama\u0219 (tronson\ncuprins \u00eentre strada \u0218tirbei Vod\u0103  \u0219i pod peste r\u00e2ul Ol\u0103ne\u0219ti).<\/p>\n\n\n\n<p>\nPentru\nasigurarea parametrilor de potabilitate a apei din re\u021bea certifica\u021bi\nprin buletine de analiz\u0103 a apei \u00een sec\u021biunea de interven\u021bie\n(\u00eenainte \u0219i dup\u0103 sp\u0103larea re\u021belei) angaja\u021bii  APAVIL SA vor\nefectua purj\u0103ri \u00een zona respectiv\u0103 \u0219i \u00een zone adiacente \u00een care\nexist\u0103 posibilitatea modific\u0103rii parametrilor de potabilitate.\nRecomand\u0103m \u0219i consumatorilor afecta\u021bi ca imediat dup\u0103 pornire s\u0103\nlase s\u0103 curg\u0103 cantitatea de ap\u0103 necesar\u0103 elimin\u0103rii apei cu\nimpurit\u0103\u021bi produse ca urmare a \u00eentreruperii furniz\u0103rii apei .<\/p>\n\n\n\n<p>\nCheltuielile\nocazionate de cantitatea de ap\u0103 eliminat\u0103 vor fi suportate de c\u0103tre\n  APAVIL  SA  \u00een urma unor solicit\u0103ri scrise  ale beneficiarilor,\nconfirmate de speciali\u0219tii societ\u0103\u021bii noastre.<\/p>\n\n\n\n<p>\n\tV\u0103\nmul\u021bumim pentru \u00een\u021belegere!<\/p>\n\n\n\n<p>\nCOMPARTIMENTUL\nCOMUNICARE, MASS \u2013 MEDIA AL SOCIET\u0102\u021aII APAVIL S.A.<\/p>\n","protected":false},"excerpt":{"rendered":"<p>Ca urmare a execut\u0103rii lucr\u0103rilor de conectare a extinderii re\u021belei de ap\u0103 din PE D 110mm \u0219i a bran\u0219amentului din PE D 25mm, cu re\u021beaua de distribu\u021bie ap\u0103 potabil\u0103 din PE D 110mm, existent\u0103 pe strada Prof. Dr. Corneliu Tama\u0219,<\/p>\n","protected":false},"author":1,"featured_media":0,"comment_status":"closed","ping_status":"open","sticky":false,"template":"","format":"standard","meta":[],"categories":[30],"tags":[],"_links":{"self":[{"href":"https:\/\/apavil.ro\/index.php?rest_route=\/wp\/v2\/posts\/2126"}],"collection":[{"href":"https:\/\/apavil.ro\/index.php?rest_route=\/wp\/v2\/posts"}],"about":[{"href":"https:\/\/apavil.ro\/index.php?rest_route=\/wp\/v2\/types\/post"}],"author":[{"embeddable":true,"href":"https:\/\/apavil.ro\/index.php?rest_route=\/wp\/v2\/users\/1"}],"replies":[{"embeddable":true,"href":"https:\/\/apavil.ro\/index.php?rest_route=%2Fwp%2Fv2%2Fcomments&post=2126"}],"version-history":[{"count":1,"href":"https:\/\/apavil.ro\/index.php?rest_route=\/wp\/v2\/posts\/2126\/revisions"}],"predecessor-version":[{"id":2127,"href":"https:\/\/apavil.ro\/index.php?rest_route=\/wp\/v2\/posts\/2126\/revisions\/2127"}],"wp:attachment":[{"href":"https:\/\/apavil.ro\/index.php?rest_route=%2Fwp%2Fv2%2Fmedia&parent=2126"}],"wp:term":[{"taxonomy":"category","embeddable":true,"href":"https:\/\/apavil.ro\/index.php?rest_route=%2Fwp%2Fv2%2Fcategories&post=2126"},{"taxonomy":"post_tag","embeddable":true,"href":"https:\/\/apavil.ro\/index.php?rest_route=%2Fwp%2Fv2%2Ftags&post=2126"}],"curies":[{"name":"wp","href":"https:\/\/api.w.org\/{rel}","templated":true}]}}