{"id":2093,"date":"2020-09-17T07:07:26","date_gmt":"2020-09-17T05:07:26","guid":{"rendered":"https:\/\/apavil.ro\/?p=2093"},"modified":"2020-09-17T07:08:16","modified_gmt":"2020-09-17T05:08:16","slug":"informare-de-presa-activitate-intensa-la-apavil-s-a-centru-vest-16-septembrie-2020","status":"publish","type":"post","link":"https:\/\/apavil.ro\/?p=2093","title":{"rendered":"Informare de pres\u0103 &#8211; Activitate intens\u0103 la Apavil S.A. &#8211; \u201cCentru Vest\u201d 16 septembrie 2020"},"content":{"rendered":"\n<p> <strong> APAVIL  SA \u2013 Centru Exploatare Vest<\/strong> a desf\u0103\u015furat \u00een s\u0103pt\u0103m\u00e2na 07 \u2013 13 septembrie 2020 o serie de activit\u0103\u0163i \u00een \u00eentreaga arie de operare.<\/p>\n\n\n\n<p>\n<strong>AVARII\nREZOLVATE. <\/strong>\u00cen\naceast\u0103 perioad\u0103 au avut loc mai multe interven\u021bii pentru\neliminarea pierderilor de ap\u0103 \u00een timp util la bran\u0219amente\nPEHD\nDn 25: comuna Galicea \u2013 satele Galicea \u0219i Teiu,\ncomuna\nP\u0103u\u0219e\u0219ti \u2013 satele Barcane \u0219i Buzdugan,\ncomuna\nPietrari \u2013 satul Pietrari, comuna Mih\u0103e\u0219ti\n\u2013\nsatele Sc\u0103ri\u0219oara \u0219i\nVulpuie\u0219ti\n\u0219i\nora\u0219ul\nB\u0103ile Govora \u2013 strada Crizantemelor;\nconduct\u0103\nPEHD Dn 32: comuna Tom\u0219ani \u2013 satul Bogd\u0103ne\u0219ti; conduct\u0103 PEHD Dn\n75: comuna Nicolae B\u0103lcescu \u2013 satul Linia Hanului; conduct\u0103 PEHD\nDn 90: ora\u0219ul Horezu \u2013 Romanii de Sus; conduct\u0103 PEHD Dn 110:\ncomuna Tom\u0219ani \u2013 strada Principal\u0103 \u0219i ora\u0219ul Horezu \u2013 strada\nUnirii; conduct\u0103 PEHD Dn 180: ora\u0219ul Horezu \u2013 satul Romanii de\nJos; conduct\u0103 OL 89: ora\u0219ul Horezu \u2013 satul T\u0103n\u0103se\u0219ti; conduct\u0103\nOL 159: ora\u0219ul B\u0103ile Govora \u2013 strada Tudor Vladimirescu \u0219i\nstrada Tudor Vladimirescu intersec\u021bie cu strada Palangine; conduct\u0103\nOL 215: ora\u0219ul Horezu \u2013 satul R\u00e2me\u0219ti; conduct\u0103 OL 219: ora\u0219ul\nHorezu \u2013 satele Gulimani \u0219i R\u00e2me\u0219ti. De asemenea, s-a intervenit\nla avarii \u00een comuna Galicea \u2013 satul Cocoru \u0219i ora\u0219ul B\u0103beni \u2013\nstrada Ungureni.<\/p>\n\n\n\n<p>\nLa\naceste interven\u021bii s-au efectuat opera\u021biile necesare remedierii\nproblemelor \u0219i de aducere la starea ini\u021bial\u0103 a terenului. \n<\/p>\n\n\n\n<p>\n<strong>PROBLEME\nPUNCTUALE. <\/strong>Au\nfost realizate o serie de lucr\u0103ri punctuale: \n<\/p>\n\n\n\n<ul><li>\n\n\ts-a\n\tefectuat sp\u0103larea re\u021belei de ap\u0103 potabil\u0103 cuprins\u0103 \u00eentre\n\tSta\u021bia de ap\u0103 Bune\u0219ti \u0219i satele Fire\u0219ti \u0219i R\u00e2p\u0103ne\u0219ti;\n\t<\/li><li>\n\n\ts-au\n\tefectuat lucr\u0103ri de \u00eenlocuire ram\u0103 \u0219i capac c\u0103min de canalizare\n\texistent \u00een ora\u0219ul B\u0103beni \u2013 strada Uzinei;\n\t<\/li><li>\n\n\ts-a\n\tdesfundat racord canalizare menajer\u0103 \u00een Horezu \u2013 strada\n\tParcului;\n\t<\/li><li>\n\n\ts-au\n\tefectuat lucr\u0103ri de remediere tronson re\u021bea de canalizare \u00een\n\tora\u0219ul B\u0103beni \u2013 strada Drago\u0219 Vr\u00e2nceanu intersec\u021bie cu strada\n\tBistri\u021bei;\n\t<\/li><li>\n\n\ts-au\n\tefectuat opera\u021bii de demontare \u0219i remontare pomp\u0103 n\u0103mol\n\t\u00eenfundat\u0103 aferent\u0103 Sta\u021biei de epurare Bune\u0219ti din comuna\n\tBune\u0219ti;\n\t<\/li><li>\n\n\ts-a\n\t\u00eenlocuit pompa defect\u0103 aferent\u0103 Sta\u021biei de repompare ap\u0103\n\tpotabil\u0103 Crui din comuna P\u0103u\u0219e\u0219ti;\n\t<\/li><li>\n\n\ts-a\n\t\u00eenlocuit pomp\u0103 defect\u0103 aferent\u0103 Sta\u021biei SP4 din comuna\n\t\u0218irineasa;\n\t<\/li><li>\n\n\ts-a\n\tasigurat asisten\u021b\u0103 tehnic\u0103 pentru realizarea de bran\u0219amente noi\n\t\u00een comuna Bune\u0219ti \u2013 satul Titireci, comuna Nicolae B\u0103lcescu \u0219i\n\tora\u0219ul Horezu \u2013 satul Romanii de Jos \u0219i strada Unirii; \n\t\n\t<\/li><li>\n\n\ts-a\n\tasigurat asisten\u021b\u0103 tehnic\u0103 pentru realizarea de racorduri de\n\tcanalizare \u00een comuna \u0218irineasa \u2013 satul Sl\u0103vite\u0219ti \u0219i ora\u0219ul\n\tHorezu \u2013 strada Unirii;\n\t<\/li><li>\n\n\tau\n\tfost verifica\u021bi parametrii apei potabile furnizate \u00een sistemele\n\tGovora, Mih\u0103e\u0219ti, Bune\u0219ti, P\u0103u\u0219e\u0219ti, Pietrari, Fr\u00e2nce\u0219ti;\n\t<\/li><li>\n\n\ts-a\n\tvidanjat Sta\u021bia SP4 din comuna \u0218irineasa;\n\t<\/li><li>\n\n\ts-a\n\tdecolmatat conducta drenului adiacent Sta\u021biei de captare, tratare,\n\tpompare \u0219i distribu\u021bie ap\u0103 \u0218irineasa;\n\t<\/li><li>\n\n\ts-a\n\tefectuat igienizarea perimetrelor pu\u021buri captare ap\u0103 potabil\u0103 W1\n\t\u0219i W2 din comuna Bune\u0219ti \u2013 satul Bune\u0219ti;\n\t<\/li><li>\n\n\ts-a\n\tefectuat igienizarea incintei rezervoare \u00eenmagazinare ap\u0103 potabil\u0103\n\tPalangine \u0219i Cucurigu din ora\u0219ul B\u0103ile Govora;\n\t<\/li><li>\n\n\ts-au\n\tvidanjat \u0219i cur\u0103\u021bat c\u0103minele sta\u021biilor de repompare ap\u0103 uzat\u0103,\n\tcare necesit\u0103 golire periodic\u0103, din localit\u0103\u021bile B\u0103beni,\n\tTom\u0219ani, Cerni\u0219oara, \u0218irineasa \u0219i Nicolae B\u0103lcescu;\n\t<\/li><li>\n\n\ts-a\n\tasigurat monitorizarea permanent\u0103 a func\u021bion\u0103rii echipamentelor\n\tla sta\u021biile de captare, tratare, pompare \u0219i distribu\u021bie ap\u0103\n\tpotabil\u0103, a sta\u021biilor de retratare ap\u0103 potabil\u0103, a sta\u021biilor de\n\trepompare ap\u0103 potabil\u0103, a sta\u021biilor de epurare ape uzate, a\n\trezervoarelor de \u00eenmagazinare ap\u0103 potabil\u0103 \u0219i a sta\u021biilor de\n\trepompare ape uzate din cadrul sectorului B\u0103beni;\n\t<\/li><li>\n\n\ts-a\n\tasigurat monitorizarea permanent\u0103 a func\u021bion\u0103rii echipamentelor\n\tla sta\u021biile de pompare ap\u0103 \u0219i a sta\u021biilor de repompare ape uzate\n\tdin cadrul sectorului Govora, zonele Pietrari, Bune\u0219ti \u0219i P\u0103u\u0219e\u0219ti\n\t\u2013 Ot\u0103s\u0103u;\n\t<\/li><li>\n\n\ta\n\tfost asigurat\u0103 buna func\u021bionare a re\u021belelor de ap\u0103 \u0219i\n\tcanalizare din \u00eentreaga arie de operare a Centrului de Exploatare\n\tVest.\n<\/li><\/ul>\n\n\n\n<p>\n<strong>APOMETRE\nVERIFICATE \u0218I MONTATE. <\/strong>Tot\n\u00een aceast\u0103 perioad\u0103 au fost verificate \u015fi \u00eenlocuite apometre \u00een\ntoat\u0103 aria de operare, acolo unde acestora urma s\u0103 le expire\nverificarea metrologic\u0103 sau erau deteriorate.\t\t\t\t\t<\/p>\n\n\n\n<p>\n<strong>COMPARTIMENTUL DE COMUNICARE,\nMASS-MEDIA AL SOCIET\u0102\u021aII APAVIL S.A<\/strong><\/p>\n","protected":false},"excerpt":{"rendered":"<p>APAVIL SA \u2013 Centru Exploatare Vest a desf\u0103\u015furat \u00een s\u0103pt\u0103m\u00e2na 07 \u2013 13 septembrie 2020 o serie de activit\u0103\u0163i \u00een \u00eentreaga arie de operare. AVARII REZOLVATE. \u00cen aceast\u0103 perioad\u0103 au avut loc mai multe interven\u021bii pentru eliminarea pierderilor de ap\u0103<\/p>\n","protected":false},"author":1,"featured_media":0,"comment_status":"closed","ping_status":"open","sticky":false,"template":"","format":"standard","meta":[],"categories":[30,1],"tags":[],"_links":{"self":[{"href":"https:\/\/apavil.ro\/index.php?rest_route=\/wp\/v2\/posts\/2093"}],"collection":[{"href":"https:\/\/apavil.ro\/index.php?rest_route=\/wp\/v2\/posts"}],"about":[{"href":"https:\/\/apavil.ro\/index.php?rest_route=\/wp\/v2\/types\/post"}],"author":[{"embeddable":true,"href":"https:\/\/apavil.ro\/index.php?rest_route=\/wp\/v2\/users\/1"}],"replies":[{"embeddable":true,"href":"https:\/\/apavil.ro\/index.php?rest_route=%2Fwp%2Fv2%2Fcomments&post=2093"}],"version-history":[{"count":1,"href":"https:\/\/apavil.ro\/index.php?rest_route=\/wp\/v2\/posts\/2093\/revisions"}],"predecessor-version":[{"id":2094,"href":"https:\/\/apavil.ro\/index.php?rest_route=\/wp\/v2\/posts\/2093\/revisions\/2094"}],"wp:attachment":[{"href":"https:\/\/apavil.ro\/index.php?rest_route=%2Fwp%2Fv2%2Fmedia&parent=2093"}],"wp:term":[{"taxonomy":"category","embeddable":true,"href":"https:\/\/apavil.ro\/index.php?rest_route=%2Fwp%2Fv2%2Fcategories&post=2093"},{"taxonomy":"post_tag","embeddable":true,"href":"https:\/\/apavil.ro\/index.php?rest_route=%2Fwp%2Fv2%2Ftags&post=2093"}],"curies":[{"name":"wp","href":"https:\/\/api.w.org\/{rel}","templated":true}]}}