{"id":2072,"date":"2020-09-14T14:43:46","date_gmt":"2020-09-14T12:43:46","guid":{"rendered":"https:\/\/apavil.ro\/?p=2072"},"modified":"2020-09-14T14:43:46","modified_gmt":"2020-09-14T12:43:46","slug":"comunicat-de-presa-apavil-la-al-patrulea-proiect-cu-finantare-europeana","status":"publish","type":"post","link":"https:\/\/apavil.ro\/?p=2072","title":{"rendered":"Comunicat de pres\u0103 &#8211; Apavil, la al patrulea proiect cu finan\u021bare european\u0103"},"content":{"rendered":"\n<p>\nS\u00e2mb\u0103t\u0103,\n12 septembrie a.c., la Institu\u021bia Prefectului Jude\u021bul V\u00e2lcea, a\nfost semnat Acordul prealabil de m\u0103suri \u00een vederea \u00eencheierii\ncontractului de finan\u021bare \u00eentre Ministerul Fondurilor Europene \u0219i\noperatorul de ap\u0103 din jude\u021bul V\u00e2lcea, Societatea Apavil SA. \nAcordul  poart\u0103 semn\u0103tura Ministrului Ioan Marcel Bolo\u0219, a\ndirectorului general al societ\u0103\u021bii Apavil SA, ing. Ion Florescu, \u0219i\na pre\u0219edintelui Asocia\u021biei de Dezvoltare Intercomunitar\u0103, Robert\nSchell.<\/p>\n\n\n\n<p>\nApavil\nSA, &nbsp;\u00een calitate de operator regional pentru serviciile de\nalimentare cu ap\u0103 \u015fi de canalizare din jude\u021bul V\u00e2lcea, are \u00een\nderulare ac\u021biunile specifice de accesare a fondurilor necesare\npentru finan\u021barea \u201eProiectului regional de dezvoltare a\ninfrastructurii de ap\u0103 \u0219i ap\u0103 uzat\u0103 \u00een jude\u021bul V\u00e2lcea\u201d.\nValoarea proiectului se ridic\u0103 la aproximativ 220 milioane euro,\n\u00eens\u0103 suma exact\u0103 va fi stabilit\u0103 dup\u0103 finalizarea ac\u021biunilor de\nverificare tehnico &#8211; economic\u0103 \u0219i financiar\u0103 de c\u0103tre AM POIM \u0219i\nJASPERS (Joint Assistance to Support Projects in European Regions\neste un parteneriat de asisten\u021b\u0103 tehnic\u0103 \u00eentre Comisia European\u0103,\nBEI \u0219i BERD ce acord\u0103 asisten\u021b\u0103 tehnic\u0103 \u021b\u0103rilor beneficiare de\nfonduri europene pentru preg\u0103tirea proiectelor majore, finan\u021bate\ndin Fondul European de Dezvoltare Regional\u0103 \u0219i Fondul de Coeziune).\nPe l\u00e2ng\u0103 m\u0103surile care sunt necesare pentru semnarea contractului\nde finan\u021bare, \u00een Acordul prealabil au fost precizate \u0219i termenele\nreferitoare la finalizarea procesului de preg\u0103tire a proiectului, de\nverificare administrativ\u0103 \u0219i a eligibilit\u0103\u021bii Cererii de\nfinan\u021bare, de evaluare tehnico-economic\u0103 a Cererii de finan\u021bare,\nprecum \u0219i de aprobare a proiectului.<\/p>\n\n\n\n<p>\n\u201eProiectul\nregional de dezvoltare a infrastructurii de ap\u0103 \u0219i ap\u0103 uzat\u0103 \u00een\njude\u021bul V\u00e2lcea\u201d este cel de-al patrulea proiect cu finan\u021bare\neuropean\u0103, valoarea total\u0103 a sumelor accesate p\u00e2n\u0103 \u00een prezent de\nc\u0103tre Societatea Apavil S.A. fiind de aproximativ 110 milioane euro.\nFondurile au fost alocate \u00een cadrul programelor de finan\u021bare ISPA &#8211;\nInstrument pentru Politici Structurale de Pre-Aderare, POS Mediu &#8211;\nProgramul Opera\u021bional Sectorial de Mediu 2007-2013 \u0219i POIM &#8211;\nProgramul Opera\u021bional Infrastructur\u0103 Mare  2014 \u2013 2020.\nCofinan\u021barea tuturor proiectelor a fost asigurat\u0103 de Prim\u0103ria\nMunicipiului Rm. V\u00e2lcea.<\/p>\n\n\n\n<p><strong>COMPARTIMENTUL COMUNICARE, MASS-MEDIA AL SOCIET\u0102\u021aII APAVIL SA<\/strong><\/p>\n","protected":false},"excerpt":{"rendered":"<p>S\u00e2mb\u0103t\u0103, 12 septembrie a.c., la Institu\u021bia Prefectului Jude\u021bul V\u00e2lcea, a fost semnat Acordul prealabil de m\u0103suri \u00een vederea \u00eencheierii contractului de finan\u021bare \u00eentre Ministerul Fondurilor Europene \u0219i operatorul de ap\u0103 din jude\u021bul V\u00e2lcea, Societatea Apavil SA. Acordul poart\u0103 semn\u0103tura Ministrului<\/p>\n","protected":false},"author":1,"featured_media":0,"comment_status":"closed","ping_status":"open","sticky":false,"template":"","format":"standard","meta":[],"categories":[30],"tags":[],"_links":{"self":[{"href":"https:\/\/apavil.ro\/index.php?rest_route=\/wp\/v2\/posts\/2072"}],"collection":[{"href":"https:\/\/apavil.ro\/index.php?rest_route=\/wp\/v2\/posts"}],"about":[{"href":"https:\/\/apavil.ro\/index.php?rest_route=\/wp\/v2\/types\/post"}],"author":[{"embeddable":true,"href":"https:\/\/apavil.ro\/index.php?rest_route=\/wp\/v2\/users\/1"}],"replies":[{"embeddable":true,"href":"https:\/\/apavil.ro\/index.php?rest_route=%2Fwp%2Fv2%2Fcomments&post=2072"}],"version-history":[{"count":2,"href":"https:\/\/apavil.ro\/index.php?rest_route=\/wp\/v2\/posts\/2072\/revisions"}],"predecessor-version":[{"id":2074,"href":"https:\/\/apavil.ro\/index.php?rest_route=\/wp\/v2\/posts\/2072\/revisions\/2074"}],"wp:attachment":[{"href":"https:\/\/apavil.ro\/index.php?rest_route=%2Fwp%2Fv2%2Fmedia&parent=2072"}],"wp:term":[{"taxonomy":"category","embeddable":true,"href":"https:\/\/apavil.ro\/index.php?rest_route=%2Fwp%2Fv2%2Fcategories&post=2072"},{"taxonomy":"post_tag","embeddable":true,"href":"https:\/\/apavil.ro\/index.php?rest_route=%2Fwp%2Fv2%2Ftags&post=2072"}],"curies":[{"name":"wp","href":"https:\/\/api.w.org\/{rel}","templated":true}]}}