{"id":1998,"date":"2020-08-18T11:45:18","date_gmt":"2020-08-18T09:45:18","guid":{"rendered":"https:\/\/apavil.ro\/?p=1998"},"modified":"2020-08-18T11:45:18","modified_gmt":"2020-08-18T09:45:18","slug":"situatia-centralizata-a-lucrarilor-derulate-de-apavil-sa-in-municipiul-rm-valcea-in-perioada-08-14-august-2020","status":"publish","type":"post","link":"https:\/\/apavil.ro\/?p=1998","title":{"rendered":"Situa\u0163ia Centralizat\u0103 A Lucr\u0103rilor Derulate De Apavil SA \u00cen Municipiul Rm. V\u00e2lcea \u00cen perioada 08 \u2013 14 august 2020"},"content":{"rendered":"\n<p>\n<em><strong>APAVIL\nSA<\/strong><\/em><em>\na desf\u0103\u015furat \u015fi \u00een perioada <\/em><em>08\n\u2013 14 august<\/em><em>2020\no activitate intens\u0103 \u00een municipiul R\u00e2mnicu V\u00e2lcea, \u00een colaborare\ncu autorit\u0103\u0163ile locale. <\/em>\n<\/p>\n\n\n\n<p>\n<strong>AVARII\nSOLU\u0162IONATE. <\/strong>S-au\nremediat, \u00een timp util, pierderile de ap\u0103 potabil\u0103 pe str\u0103zile:\nCalea lui Traian &#8211; Grup  \u0218colar General Magheru, Apusului nr. 33-35,\nGhioceilor nr. 23A, Fe\u021beni, M\u0103ce\u0219ului, Ostroveni Bl. A7 \u0219i\nC\u0103pitan Negoescu.<\/p>\n\n\n\n<p>\n <strong>LUCR\u0102RI\nDE AMENAJARE A TERENULUI.<\/strong>\n\u00cen vederea aducerii la starea ini\u021bial\u0103 a terenului deteriorat \u00een\nurma interven\u021biilor, s-au executat lucr\u0103ri de amenajare prin\nbetonare\/asfaltare pe str. Matache Temelie, C\u0103pitan Negoescu,\nM\u0103ce\u0219ului, Ghioceilor, Apusului, Nicolae Iorga \u2013 Bl. 39 \u0219i Bd.\nTineretului &#8211; BL. A58.<\/p>\n\n\n\n<p>\n<strong>POMPE\nCUR\u0102\u0162ATE. <\/strong>S-au\ncur\u0103\u021bat manual \u0219i mecanizat pompele din zonele: Arinilor, bd. Dem\nR\u0103dulescu \u0219i Morilor<strong>.<\/strong><\/p>\n\n\n\n<p>\n<strong>PROBLEME\nPUNCTUALE<\/strong>.\nAu fost realizate o serie de lucr\u0103ri punctuale:<\/p>\n\n\n\n<ul><li>\n\tcontinu\u0103\n\tlucr\u0103rile de reabilitare a re\u021belei de ap\u0103 \u0219i bran\u0219amente pe\n\tSplaiul Independen\u021bei;\n\t<\/li><li>\n\ts-au\n\texecutat s\u0103p\u0103turi manual \u0219i mecanic, s-au montat 120m \u021beav\u0103\n\tPEHD PN 10, Dn125mm pe  strada Livezi \u0219i au fost ridicate la cot\u0103\n\t2 c\u0103mine;\n\t<\/li><li>\n\tau\n\tfost ref\u0103cute conducta de canalizare \u0219i 2 c\u0103mine, cu aducerea la\n\tcot\u0103, pe str. Ostroveni \u2013Electra Radu;\n\t<\/li><li>\n\ts-au\n\tsudat 4 capace c\u0103mine pe str\u0103zile Nichita St\u0103nescu \u015fi M\u0103r\u0103\u015fe\u015fti\n\t&#8211; BL.88;\n\t<\/li><li>\n\tau\n\tfost cur\u0103\u0163ate colectoarele DN1000 pe str. Ostroveni \u2013 Gr\u0103dina\n\tZoologic\u0103;\n\t<\/li><li>\n\ts-au\n\t\u00eendreptat gr\u0103tarele de rigol\u0103 pe str. Sf. Calinic;\n\t<\/li><li>\n\t\ts-a\n\tcontinuat verificarea \u0219i cur\u0103\u021barea gurilor de scurgere, a\n\tc\u0103minelor de canalizare menajer\u0103 \u0219i a colectoarelor, manual \u0219i\n\tmecanizat; \n\t\n\t<\/li><li>\n\ts-a\n\tadus la starea ini\u021bial\u0103 suprafa\u021ba carosabil\u0103 \u00een zonele \u00een care\n\ts-a intervenit;\n\t<\/li><li>\n\tau\n\tfost aduse la cot\u0103 c\u0103minele de canalizare menajer\u0103\n\ttasate\/deteriorate.   \n\t\n<\/li><\/ul>\n\n\n\n<p>\n<strong>RE\u021aELE\nDE CANALIZARE MENAJER\u0102 CUR\u0102\u0162ATE. <\/strong>S-a\nintervenit pentru desfundarea, cur\u0103\u021barea \u0219i sp\u0103larea mecanizat\u0103\na re\u021belelor de canalizare menajer\u0103 \u0219i a gurilor de scurgere la\nurm\u0103toarele adrese: str.\nKalamata; str. Aleea Melodiei &#8211; Bl. N; str. Antim Ivireanul &#8211; Bl. 6A;\nstr. Ostroveni &#8211; Electra Radu, Bl. A39; str. Sacerdo\u0163eanu nr.30;\nStr. Aleea Trandafirilor &#8211; Bl. B10; \u015etrand Ostroveni; str. Aleea\nBradului &#8211; Bl. C16; Calea lui Traian &#8211; Bl. L \u0219i Bl. 9; str. Ion\nReferendaru &#8211; Bl. I2; str. Republicii &#8211; Bl. R27; str. I. C. Br\u0103tianu\n&#8211; Bl. A56; str. Mihai Eminescu &#8211; Bl. C13; str. Henri Coand\u0103 &#8211; Bl.\nN9; str. G-ral Magheru &#8211; Bl. VI \u0219i Bl. F; str. Aleea Gladiolelor &#8211;\nBl.  C25; Bd. Tineretului &#8211; Bl. A11\/1, Bl. A58 \u0219i Bl. A9; str.\n\u015etirbei Vod\u0103; Splaiul  Independen\u0163ei &#8211; Bl. 9; str. Priporu \u0219i\nS.C.Europan Prod.<\/p>\n\n\n\n<p>\n<strong>15\nAPOMETRE VERIFICATE \u015eI MONTATE.<\/strong>\nTot \u00een aceast\u0103 perioad\u0103 au fost montate 15 apometre, dintre care\n12 verificate \u0219i \u00eenlocuite \u0219i 3 montaje apometre noi. De asemenea,\nau fost realizate 5 lucr\u0103ri de interven\u021bie la contoarele de ap\u0103\nrece montate \u00een re\u021bea (2\nservis\u0103ri ale contoarelor  de ap\u0103 rece la  abona\u021bi persoane fizice\n\u0219i 3 interven\u0163ii la asocia\u0163ii de proprietari) \u0219i au fost\n\u00eentocmite 5 avize de amplasament \u0219i 3 avize tehnice.\n<\/p>\n","protected":false},"excerpt":{"rendered":"<p>APAVIL SA a desf\u0103\u015furat \u015fi \u00een perioada 08 \u2013 14 august2020 o activitate intens\u0103 \u00een municipiul R\u00e2mnicu V\u00e2lcea, \u00een colaborare cu autorit\u0103\u0163ile locale. AVARII SOLU\u0162IONATE. S-au remediat, \u00een timp util, pierderile de ap\u0103 potabil\u0103 pe str\u0103zile: Calea lui Traian &#8211;<\/p>\n","protected":false},"author":1,"featured_media":0,"comment_status":"closed","ping_status":"open","sticky":false,"template":"","format":"standard","meta":[],"categories":[30],"tags":[],"_links":{"self":[{"href":"https:\/\/apavil.ro\/index.php?rest_route=\/wp\/v2\/posts\/1998"}],"collection":[{"href":"https:\/\/apavil.ro\/index.php?rest_route=\/wp\/v2\/posts"}],"about":[{"href":"https:\/\/apavil.ro\/index.php?rest_route=\/wp\/v2\/types\/post"}],"author":[{"embeddable":true,"href":"https:\/\/apavil.ro\/index.php?rest_route=\/wp\/v2\/users\/1"}],"replies":[{"embeddable":true,"href":"https:\/\/apavil.ro\/index.php?rest_route=%2Fwp%2Fv2%2Fcomments&post=1998"}],"version-history":[{"count":1,"href":"https:\/\/apavil.ro\/index.php?rest_route=\/wp\/v2\/posts\/1998\/revisions"}],"predecessor-version":[{"id":1999,"href":"https:\/\/apavil.ro\/index.php?rest_route=\/wp\/v2\/posts\/1998\/revisions\/1999"}],"wp:attachment":[{"href":"https:\/\/apavil.ro\/index.php?rest_route=%2Fwp%2Fv2%2Fmedia&parent=1998"}],"wp:term":[{"taxonomy":"category","embeddable":true,"href":"https:\/\/apavil.ro\/index.php?rest_route=%2Fwp%2Fv2%2Fcategories&post=1998"},{"taxonomy":"post_tag","embeddable":true,"href":"https:\/\/apavil.ro\/index.php?rest_route=%2Fwp%2Fv2%2Ftags&post=1998"}],"curies":[{"name":"wp","href":"https:\/\/api.w.org\/{rel}","templated":true}]}}