{"id":1850,"date":"2020-06-26T06:41:03","date_gmt":"2020-06-26T06:41:03","guid":{"rendered":"https:\/\/web1.apavil.ro\/?p=1850"},"modified":"2020-06-26T06:41:04","modified_gmt":"2020-06-26T06:41:04","slug":"situatia-centralizata-a-lucrarilor-derulate-de-apavil-sa-in-municipiul-rm-valcea-in-perioada-13-19-iunie-2020","status":"publish","type":"post","link":"https:\/\/apavil.ro\/?p=1850","title":{"rendered":"Situa\u0163ia Centralizat\u0103 A Lucr\u0103rilor Derulate De Apavil SA \u00cen Municipiul Rm. V\u00e2lcea \u00cen perioada 13 \u2013 19 iunie 2020"},"content":{"rendered":"\n<p>\n<em><strong>APAVIL\nSA<\/strong><\/em><em>\na desf\u0103\u015furat \u015fi \u00een perioada 13 \u2013 19 iunie 2020 o activitate\nintens\u0103 \u00een municipiul R\u00e2mnicu V\u00e2lcea, \u00een colaborare cu\nautorit\u0103\u0163ile locale. <\/em>\n<\/p>\n\n\n\n<p>\n<strong>AVARII\nSOLU\u0162IONATE. <\/strong>S-au\nremediat, \u00een timp util, avariile la conductele de ap\u0103 potabil\u0103 pe\nstr\u0103zile Nicolae Titulescu, Mihai Viteazu, C\u00e2mpului \u0219i Bogdan\nAmaru intersec\u021bie cu Florilor.<\/p>\n\n\n\n<p>\n<strong>LUCR\u0102RI\nDE AMENAJARE A TERENULUI.<\/strong>\n\u00cen vederea aducerii la starea ini\u021bial\u0103 a terenului deteriorat \u00een\nurma interven\u021biilor, s-au executat lucr\u0103ri de amenajare prin\nbetonare\/asfaltare pe str\u0103zile Mihai Viteazu, Eleodor Constantinescu\n\u0219i C\u00e2mpului.<\/p>\n\n\n\n<p>\n <strong>POMPE\nCUR\u0102\u0162ATE. <\/strong>S-au\ncur\u0103\u021bat manual \u0219i mecanizat pompele din zonele: Arinilor, Bd. Dem\nR\u0103dulescu, Morilor, Goranu, Bogdan Amaru \u0219i Pasaj Dacia. \n<\/p>\n\n\n\n<p>\n<strong>PROBLEME\nPUNCTUALE<\/strong>.\nAu fost realizate o serie de lucr\u0103ri punctuale:<\/p>\n\n\n\n<ul><li>\n\ts-a\n\tasigurat asisten\u021b\u0103 tehnic\u0103 pe strada Dumitru Berciu;\n\t<\/li><li>\n\ts-a\n\tefectuat igienizarea perimetrelor rezervoarelor Capela, Popa \u0218apc\u0103\n\t\u0219i Petri\u0219or;\n\t<\/li><li>\n\ts-a\n\tridicat la cot\u0103 c\u0103min de canalizare pe strada Petri\u0219or \u2013 blocul\n\tP5;\n\t<\/li><li>\n\ts-a\n\tverificat re\u021beaua de canalizare \u0219i s-a sudat capac c\u0103min de\n\tcanalizare pe strada Lucian Blaga \u2013 blocul A31\/II;\n\t<\/li><li>\n\ts-a\n\tcur\u0103\u021bat re\u021beaua de canalizare pe str\u0103zile Ostroveni \u0219i\n\tPetri\u0219or;\n\t<\/li><li>\n\tau\n\tfost cur\u0103\u021bate c\u0103minele de canalizare \u0219i gurile de scurgere de pe\n\tstr\u0103zile Mihai Viteazu \u0219i bulevardul Tineretului;\n\t<\/li><li>\n\ts-a\n\tcontinuat verificarea \u0219i cur\u0103\u021barea gurilor de scurgere, a\n\tc\u0103minelor de canalizare menajer\u0103 \u0219i a colectoarelor, manual \u0219i\n\tmecanizat; \n\t\n\t<\/li><li>\n\ts-a\n\tadus la starea ini\u021bial\u0103 suprafa\u021ba carosabil\u0103 \u00een zonele \u00een care\n\ts-a intervenit;\n\t<\/li><li>\n\tau\n\tfost aduse la cot\u0103 c\u0103minele de canalizare menajer\u0103\n\ttasate\/deteriorate.   \n\t\n<\/li><\/ul>\n\n\n\n<p>\n<strong>RE\u021aELE\nDE CANALIZARE MENAJER\u0102 CUR\u0102\u0162ATE. <\/strong>S-a\nintervenit pentru desfundarea, cur\u0103\u021barea \u0219i sp\u0103larea mecanizat\u0103\na re\u021belelor de canalizare menajer\u0103 \u0219i a gurilor de scurgere la\nurm\u0103toarele adrese: strada Calea lui Traian \u2013 blocul 6 \u0219i Mc\u2019\nDonalds, strada\nLucian Blaga \u2013 blocurile A9 \u0219i A61, strada Some\u0219 nr. 29, strada\nMircea Eliade nr. 29, strada Antim Ivireanu nr. 100, strada Eleodor\nConstantinescu \u2013 blocul S4, strada Constantin Br\u00e2ncu\u0219i \u2013 blocul\nI2,  strada Republicii \u2013 blocul S7, strada Matei Basarab \u2013 blocul\n109, strada Goranu nr. 6, 43, 45 \u0219i 79, strada Nicolae Titulescu,\nstrada Marin Preda \u2013 blocul W, strada Marin Sorescu \u2013 blocul\nA37\/II, strada Nicolae Iorga \u2013 blocul A25, strada Aleea\nPanselu\u021belor \u2013 blocul C28, strada Mihai Eminescu \u2013 blocul B13,\nbulevardul Nicolae B\u0103lcescu \u2013 cofet\u0103ria Agrodor, strada 1 Mai nr.\n42 \u0219i strada General Magheru \u2013 blocurile C \u0219i V1.<\/p>\n\n\n\n<p>\n<strong>14\nAPOMETRE VERIFICATE \u015eI MONTATE.<\/strong>\nTot \u00een aceast\u0103 perioad\u0103 au fost montate 14 de apometre, dintre\ncare 12 verificate \u0219i \u00eenlocuite \u0219i 2 montaje apometre noi. De\nasemenea, au fost realizate 5 lucr\u0103ri de interven\u021bie la contoarele\nde ap\u0103 rece montate \u00een re\u021bea \u0219i au fost \u00eentocmite 13 avize de\namplasament \u0219i 13 avize tehnice.<\/p>\n\n\n\n<p>\n<strong>COMPARTIMENTUL\nCOMUNICARE, MASS-MEDIA AL SOCIET\u0102\u021aII APAVIL SA<\/strong><\/p>\n","protected":false},"excerpt":{"rendered":"<p>APAVIL SA a desf\u0103\u015furat \u015fi \u00een perioada 13 \u2013 19 iunie 2020 o activitate intens\u0103 \u00een municipiul R\u00e2mnicu V\u00e2lcea, \u00een colaborare cu autorit\u0103\u0163ile locale. AVARII SOLU\u0162IONATE. S-au remediat, \u00een timp util, avariile la conductele de ap\u0103 potabil\u0103 pe str\u0103zile Nicolae<\/p>\n","protected":false},"author":1,"featured_media":0,"comment_status":"closed","ping_status":"open","sticky":false,"template":"","format":"standard","meta":[],"categories":[30],"tags":[],"_links":{"self":[{"href":"https:\/\/apavil.ro\/index.php?rest_route=\/wp\/v2\/posts\/1850"}],"collection":[{"href":"https:\/\/apavil.ro\/index.php?rest_route=\/wp\/v2\/posts"}],"about":[{"href":"https:\/\/apavil.ro\/index.php?rest_route=\/wp\/v2\/types\/post"}],"author":[{"embeddable":true,"href":"https:\/\/apavil.ro\/index.php?rest_route=\/wp\/v2\/users\/1"}],"replies":[{"embeddable":true,"href":"https:\/\/apavil.ro\/index.php?rest_route=%2Fwp%2Fv2%2Fcomments&post=1850"}],"version-history":[{"count":1,"href":"https:\/\/apavil.ro\/index.php?rest_route=\/wp\/v2\/posts\/1850\/revisions"}],"predecessor-version":[{"id":1851,"href":"https:\/\/apavil.ro\/index.php?rest_route=\/wp\/v2\/posts\/1850\/revisions\/1851"}],"wp:attachment":[{"href":"https:\/\/apavil.ro\/index.php?rest_route=%2Fwp%2Fv2%2Fmedia&parent=1850"}],"wp:term":[{"taxonomy":"category","embeddable":true,"href":"https:\/\/apavil.ro\/index.php?rest_route=%2Fwp%2Fv2%2Fcategories&post=1850"},{"taxonomy":"post_tag","embeddable":true,"href":"https:\/\/apavil.ro\/index.php?rest_route=%2Fwp%2Fv2%2Ftags&post=1850"}],"curies":[{"name":"wp","href":"https:\/\/api.w.org\/{rel}","templated":true}]}}