{"id":1841,"date":"2020-06-26T06:38:13","date_gmt":"2020-06-26T06:38:13","guid":{"rendered":"https:\/\/web1.apavil.ro\/?p=1841"},"modified":"2020-06-26T06:38:13","modified_gmt":"2020-06-26T06:38:13","slug":"informare-de-presa-10-iunie-2020","status":"publish","type":"post","link":"https:\/\/apavil.ro\/?p=1841","title":{"rendered":"Informare de pres\u0103 10 iunie 2020"},"content":{"rendered":"\n<p>\n<strong>APAVIL\n SA \u2013 Centru Exploatare Vest<\/strong>\na desf\u0103\u015furat \u00een s\u0103pt\u0103m\u00e2na 01 \u2013 07 iunie 2020 o serie de\nactivit\u0103\u0163i \u00een \u00eentreaga arie de operare.<\/p>\n\n\n\n<p>\n<strong>AVARII\nREZOLVATE. <\/strong>\u00cen\naceast\u0103 perioad\u0103 au avut loc mai multe interven\u021bii pentru\neliminarea pierderilor de ap\u0103 \u00een timp util la bran\u0219amente\nPEHD\nDn 25: comuna Mih\u0103e\u0219ti \u2013 satul Govora,\ncomuna\nP\u0103u\u0219e\u0219ti \u2013 satul P\u0103u\u0219e\u0219ti, ora\u0219ul Horezu \u2013 strada Olari;\nconduct\u0103\nPEHD Dn 32: comuna P\u0103u\u0219e\u0219ti \u2013 satul Cernele, comuna Nicolae\nB\u0103lcescu \u2013 satul Valea Viei;\nconduct\u0103\nPEHD Dn 75: comuna \u0218irineasa \u2013 satul \u0218irineasa;\nconduct\u0103\nPEHD Dn 110: comuna Tom\u0219ani \u2013 satul Fole\u0219tii de Jos;\nconduct\u0103\nPEHD Dn 140: ora\u0219ul B\u0103beni \u2013 strada Uzinei; conduct\u0103 PEHD Dn\n160: ora\u0219ul Horezu \u2013 strada General Magheru.<\/p>\n\n\n\n<p>\nLa\naceste interven\u021bii s-au efectuat opera\u021biile necesare remedierii\nproblemelor \u0219i de aducere la starea ini\u021bial\u0103 a terenului. \n<\/p>\n\n\n\n<p>\n<strong>PROBLEME\nPUNCTUALE. <\/strong>Au\nfost realizate o serie de lucr\u0103ri punctuale: \n<\/p>\n\n\n\n<ul><li>\n\ts-a\n\tefectuat sp\u0103larea re\u021belei de ap\u0103 potabil\u0103 cuprins\u0103 \u00eentre\n\tSta\u021bia de ap\u0103 Bune\u0219ti \u0219i satele Fire\u0219ti \u0219i R\u00e2p\u0103ne\u0219ti;\n\t<\/li><li>\n\ts-au\n\tmontat bran\u0219amente noi \u00een comuna Mih\u0103e\u0219ti \u2013 satul Govora \u0219i\n\tcomuna Galicea \u2013 satul Cremenari;\n\t<\/li><li>\n\ts-au\n\tefectuat lucr\u0103ri pentru bran\u0219area unui utilizator la re\u021beaua nou\u0103\n\tde ap\u0103 potabil\u0103 din conduct\u0103 PE Dn 63 din ora\u0219ul B\u0103beni \u2013\n\tstrada Unirii;\n\t<\/li><li>\n\ts-au\n\texecutat bran\u0219ament ap\u0103 \u0219i racord canalizare \u00een comuna Tom\u0219ani;\n\t<\/li><li>\n\ts-a\n\trealizat extinderea re\u021belei de ap\u0103 potabil\u0103 din conduct\u0103 PE Dn\n\t90 \u00een comuna Galicea \u2013 satul Cremenari;\n\t<\/li><li>\n\ts-au\n\tefectuat lucr\u0103ri pentru bran\u0219area unui utilizator la re\u021beaua nou\u0103\n\tde ap\u0103 potabil\u0103 din conduct\u0103 PE Dn 110 din ora\u0219ul B\u0103beni \u2013\n\tstrada Iacobe\u0219ti;\n\t<\/li><li>\n\ts-au\n\tridicat la cot\u0103 capacele c\u0103minelor de vane \u00een comuna Nicolae\n\tB\u0103lcescu;\n\t<\/li><li>\n\ts-a\n\tdesfundat cu hidrojetul re\u021beaua de canalizare menajer\u0103 \u00een comuna\n\t\u0218irineasa \u2013 satele Ungureni \u0219i Cior\u0103\u0219ti;\n\t<\/li><li>\n\ts-a\n\tdecolmatat \u0219i sp\u0103lat re\u021beaua de canalizare menajer\u0103 din ora\u0219ul\n\tHorezu \u2013 strada Mircea cel B\u0103tr\u00e2n;\n\t<\/li><li>\n\ts-a\n\tdecolmatat zona de captare din cadrul barajului R\u00e2me\u0219ti;\n\t<\/li><li>\n\ts-a\n\tdecolmatat drenul de captare din comuna Tom\u0219ani;\n\t<\/li><li>\n\ts-a\n\tefectuat igienizarea incintei rezervoarelor de \u00eenmagazinare ap\u0103\n\tpotabil\u0103 Palangine \u0219i Cucurigu din ora\u0219ul B\u0103ile Govora;\n\t<\/li><li>\n\ts-a\n\tefectuat igienizarea incintei Sta\u021biilor de repompare ape uzate\n\tManta \u0219i Biserica din comuna Pietrari;\n\t<\/li><li>\n\ts-a\n\tefectuat igienizarea incintei Sta\u021biei de captare, tratare, pompare\n\t\u0219i distribu\u021bie ap\u0103 \u0218irineasa;\n\t<\/li><li>\n\ts-a\n\tefectuat igienizarea incintei Sta\u021biei de ap\u0103 potabil\u0103 Barcane \u0219i\n\ta rezervorului de \u00eenmagazinare ap\u0103 din comuna P\u0103u\u0219e\u0219ti;\n\t<\/li><li>\n\tau\n\tfost verifica\u021bi parametrii apei potabile furnizate \u00een sistemele\n\tGovora, Mih\u0103e\u0219ti, Bune\u0219ti, P\u0103u\u0219e\u0219ti, Fr\u00e2nce\u0219ti;\n\t<\/li><li>\n\ts-au\n\tvidanjat \u0219i cur\u0103\u021bat c\u0103minele sta\u021biilor de repompare ap\u0103 uzat\u0103,\n\tcare necesit\u0103 golire periodic\u0103, din localit\u0103\u021bile B\u0103beni,\n\tTom\u0219ani, Cerni\u0219oara, \u0218irineasa \u0219i Nicolae B\u0103lcescu;\n\t<\/li><li>\n\ts-a\n\tasigurat monitorizarea permanent\u0103 a func\u021bion\u0103rii echipamentelor\n\tla sta\u021biile de pompare ap\u0103 \u0219i a sta\u021biilor de repompare ape uzate\n\tdin cadrul sectorului Govora, zonele Pietrari, Bune\u0219ti \u0219i P\u0103u\u0219e\u0219ti\n\t\u2013 Ot\u0103s\u0103u;\n\t<\/li><li>\n\ta\n\tfost asigurat\u0103 buna func\u021bionare a re\u021belelor de ap\u0103 \u0219i\n\tcanalizare din \u00eentreaga arie de operare a Centrului de Exploatare\n\tVest.\n<\/li><\/ul>\n\n\n\n<p>\n<strong>APOMETRE\nVERIFICATE \u0218I MONTATE. <\/strong>Tot\n\u00een aceast\u0103 perioad\u0103 au fost verificate \u015fi \u00eenlocuite apometre \u00een\ntoat\u0103 aria de operare, acolo unde acestora urma s\u0103 le expire\nverificarea metrologic\u0103 sau erau deteriorate.<\/p>\n","protected":false},"excerpt":{"rendered":"<p>APAVIL SA \u2013 Centru Exploatare Vest a desf\u0103\u015furat \u00een s\u0103pt\u0103m\u00e2na 01 \u2013 07 iunie 2020 o serie de activit\u0103\u0163i \u00een \u00eentreaga arie de operare. AVARII REZOLVATE. \u00cen aceast\u0103 perioad\u0103 au avut loc mai multe interven\u021bii pentru eliminarea pierderilor de ap\u0103<\/p>\n","protected":false},"author":1,"featured_media":0,"comment_status":"closed","ping_status":"open","sticky":false,"template":"","format":"standard","meta":[],"categories":[30],"tags":[],"_links":{"self":[{"href":"https:\/\/apavil.ro\/index.php?rest_route=\/wp\/v2\/posts\/1841"}],"collection":[{"href":"https:\/\/apavil.ro\/index.php?rest_route=\/wp\/v2\/posts"}],"about":[{"href":"https:\/\/apavil.ro\/index.php?rest_route=\/wp\/v2\/types\/post"}],"author":[{"embeddable":true,"href":"https:\/\/apavil.ro\/index.php?rest_route=\/wp\/v2\/users\/1"}],"replies":[{"embeddable":true,"href":"https:\/\/apavil.ro\/index.php?rest_route=%2Fwp%2Fv2%2Fcomments&post=1841"}],"version-history":[{"count":1,"href":"https:\/\/apavil.ro\/index.php?rest_route=\/wp\/v2\/posts\/1841\/revisions"}],"predecessor-version":[{"id":1842,"href":"https:\/\/apavil.ro\/index.php?rest_route=\/wp\/v2\/posts\/1841\/revisions\/1842"}],"wp:attachment":[{"href":"https:\/\/apavil.ro\/index.php?rest_route=%2Fwp%2Fv2%2Fmedia&parent=1841"}],"wp:term":[{"taxonomy":"category","embeddable":true,"href":"https:\/\/apavil.ro\/index.php?rest_route=%2Fwp%2Fv2%2Fcategories&post=1841"},{"taxonomy":"post_tag","embeddable":true,"href":"https:\/\/apavil.ro\/index.php?rest_route=%2Fwp%2Fv2%2Ftags&post=1841"}],"curies":[{"name":"wp","href":"https:\/\/api.w.org\/{rel}","templated":true}]}}