{"id":1805,"date":"2020-06-01T18:10:20","date_gmt":"2020-06-01T18:10:20","guid":{"rendered":"https:\/\/web1.apavil.ro\/?p=1805"},"modified":"2020-06-01T18:10:20","modified_gmt":"2020-06-01T18:10:20","slug":"informare-de-presa-27-mai-2020","status":"publish","type":"post","link":"https:\/\/apavil.ro\/?p=1805","title":{"rendered":"Informare de pres\u0103 27 mai 2020"},"content":{"rendered":"\n<p>\n<strong>APAVIL\n SA \u2013 Centru Exploatare Vest<\/strong>\na desf\u0103\u015furat \u00een s\u0103pt\u0103m\u00e2na 18 \u2013 24 mai 2020 o serie de\nactivit\u0103\u0163i \u00een \u00eentreaga arie de operare.<\/p>\n\n\n\n<p>\n<strong>AVARII\nREZOLVATE. <\/strong>\u00cen\naceast\u0103 perioad\u0103 au avut loc mai multe interven\u021bii pentru\neliminarea pierderilor de ap\u0103 \u00een timp util la bran\u0219amente\nPEHD\nDn 25: comuna Pietrari \u2013 satele Pietrari \u0219i Pietrarii de Sus,\ncomuna Mih\u0103e\u0219ti \u2013 satele Govora \u0219i Guri\u0219oara,\ncomuna\nBune\u0219ti \u2013 satul Bune\u0219ti,\ncomuna\nP\u0103u\u0219e\u0219ti \u2013 satele P\u0103u\u0219e\u0219ti \u0219i Barcanele, ora\u0219ul B\u0103ile\nGovora \u2013 strada Pie\u021bei;\nconduct\u0103\nPEHD Dn 63: comuna Fr\u00eence\u0219ti \u2013 satul Mo\u0219teni, comuna Pietrari \u2013\nsatul Pietrarii de Sus; conduct\u0103 PEHD Dn 75: comuna \u0218irineasa \u2013\nsatul Sl\u0103vite\u0219ti. De\nasemenea, s-a intervenit la avarii \u00een comuna \u0218irineasa \u2013 satul\nCior\u0103\u0219ti, comuna Tom\u0219ani \u2013 satul Bogd\u0103ne\u0219ti, ora\u0219ul Horezu \u2013\nstrada Ur\u0219ani.<\/p>\n\n\n\n<p>\nLa\naceste interven\u021bii s-au efectuat opera\u021biile necesare remedierii\nproblemelor \u0219i de aducere la starea ini\u021bial\u0103 a terenului. \n<\/p>\n\n\n\n<p>\n<strong>PROBLEME\nPUNCTUALE. <\/strong>Au\nfost realizate o serie de lucr\u0103ri punctuale: \n<\/p>\n\n\n\n<ul><li>\n\ts-a\n\tefectuat sp\u0103larea re\u021belei de ap\u0103 potabil\u0103 cuprins\u0103 \u00eentre\n\tSta\u021bia de ap\u0103 Bune\u0219ti \u0219i satele Fire\u0219ti \u0219i R\u00e2p\u0103ne\u0219ti;\n\t<\/li><li>\n\ts-au\n\tmontat bran\u0219amente noi \u00een ora\u0219ul B\u0103beni \u2013 strada Parcului \u0219i\n\t\u00een comuna Mih\u0103e\u0219ti \u2013 satele Govora \u0219i Guri\u0219oara;\n\t<\/li><li>\n\ts-a\n\tdesfundat \u0219i decolmatat bazinul Sta\u021biei de repompare ap\u0103 Bune\u0219ti\n\tR\u00e2u din comuna Bune\u0219ti;\n\t<\/li><li>\n\ts-a\n\texecutat racord canalizare menajer\u0103 \u00een ora\u0219ul B\u0103ile Govora \u2013\n\tstrada Tudor Vladimirescu;\n\t<\/li><li>\n\ts-au\n\tefectuat citiri apometre pe raza ora\u0219ului Horezu \u2013 str\u0103zile\n\tGulimani, Ifrime\u0219ti, M\u0103guri, Tudor Vladimirescu, Nicolae B\u0103lcescu\n\t\u0219i 1 Decembrie;\n\t<\/li><li>\n\ts-a\n\tcur\u0103\u021bat regulator de presiune Dn 50 \u00een ora\u0219ul Horezu \u2013 strada\n\tIfrime\u0219ti;\n\t<\/li><li>\n\ts-a\n\tcur\u0103\u021bat manual gr\u0103tarul din cadrul barajului captare R\u00e2me\u0219ti;\n\t<\/li><li>\n\ts-au\n\tdecolmatat pompa de captare \u0219i conducta aferent\u0103 drenului adiacent\n\tSta\u021biei de captare, tratare, pompare \u0219i distribu\u021bie ap\u0103\n\t\u0218irineasa;\n\t<\/li><li>\n\ts-au\n\tefectuat lucr\u0103ri pentru blindarea unei vane Dn 125 \u00een comuna\n\tNicolae B\u0103lcescu \u2013 satul Prede\u0219ti;\n\t<\/li><li>\n\ts-a\n\t\u00eenlocuit pomp\u0103 submersibil\u0103 defect\u0103 din cadrul Sta\u021biei de\n\tcaptare, tratare, pompare \u0219i distribu\u021bie ap\u0103 Corbi din comuna\n\tNicolae B\u0103lcescu;\n\t<\/li><li>\n\ts-au\n\tdeblocat \u0219i cur\u0103\u021bat manual pompele din cadrul Sta\u021biilor de\n\tpompare ape uzate din comuna Cerni\u0219oara;\n\t<\/li><li>\n\ts-au\n\tvidanjat c\u0103minele de canalizare situate \u00een ora\u0219ul B\u0103beni \u2013\n\tstrada Aleea Liceului;\n\t<\/li><li>\n\ts-a\n\tefectuat igienizarea incintei pu\u021buri captare ap\u0103 potabil\u0103 din\n\tcomuna Pietrari;\n\t<\/li><li>\n\ts-a\n\tdesfundat \u0219i sp\u0103lat re\u021beaua de canalizare menajer\u0103 PVC Dn 250\n\tdin comuna Bune\u0219ti \u2013 satul Bune\u0219ti;\n\t<\/li><li>\n\ts-a\n\tefectuat igienizarea incintei Sta\u021biei de ap\u0103 potabil\u0103 Bune\u0219ti,\n\tcomuna Bune\u0219ti;\n\t<\/li><li>\n\ts-a\n\tefectuat igienizarea incintei Sta\u021biei de ap\u0103 potabil\u0103 \u0219i a\n\trezervorului de \u00eenmagazinare ap\u0103 potabil\u0103 Pietrari din comuna\n\tPietrari;\n\t<\/li><li>\n\ts-au\n\tefectuat lucr\u0103ri de cur\u0103\u021bare \u0219i sp\u0103lare a pompei ce deserve\u0219te\n\tSta\u021bia de repompare ap\u0103 Bune\u0219ti R\u00e2u din comuna Bune\u0219ti;\n\t<\/li><li>\n\ts-a\n\tefectuat cur\u0103\u021barea coloanei de ap\u0103 Dn 32 din ora\u0219ul Horezu \u2013\n\tsatul Romanii de Sus;\n\t<\/li><li>\n\ts-au\n\tefectuat opera\u021biuni pentru aerisirea re\u021belei de ap\u0103 din ora\u0219ul\n\tB\u0103beni; \n\t\n\t<\/li><li>\n\ts-au\n\tdecolmatat \u0219i sp\u0103lat pu\u021burile de captare ap\u0103 adiacente Sta\u021biei\n\tde captare, tratare, pompare \u0219i distribu\u021bie ap\u0103 Fr\u00e2nce\u0219ti;\n\t<\/li><li>\n\tau\n\tfost verifica\u021bi parametrii apei potabile furnizate \u00een sistemele\n\tGovora, Mih\u0103e\u0219ti, Bune\u0219ti, P\u0103u\u0219e\u0219ti, Fr\u00e2nce\u0219ti;\n\t<\/li><li>\n\ts-au\n\tvidanjat \u0219i cur\u0103\u021bat c\u0103minele sta\u021biilor de repompare ap\u0103 uzat\u0103,\n\tcare necesit\u0103 golire periodic\u0103, din localit\u0103\u021bile B\u0103beni,\n\tTom\u0219ani, Cerni\u0219oara, \u0218irineasa \u0219i Nicolae B\u0103lcescu;\n\t<\/li><li>\n\ts-a\n\tasigurat monitorizarea permanent\u0103 a func\u021bion\u0103rii echipamentelor\n\tla sta\u021biile de pompare ap\u0103 \u0219i a sta\u021biilor de repompare ape uzate\n\tdin cadrul sectorului Govora, zonele Pietrari, Bune\u0219ti \u0219i P\u0103u\u0219e\u0219ti\n\t\u2013 Ot\u0103s\u0103u;\n\t<\/li><li>\n\ta\n\tfost asigurat\u0103 buna func\u021bionare a re\u021belelor de ap\u0103 \u0219i\n\tcanalizare din \u00eentreaga arie de operare a Centrului de Exploatare\n\tVest.\n<\/li><\/ul>\n\n\n\n<p>\n<strong>APOMETRE\nVERIFICATE \u0218I MONTATE. <\/strong>Tot\n\u00een aceast\u0103 perioad\u0103 au fost verificate \u015fi \u00eenlocuite apometre \u00een\ntoat\u0103 aria de operare, acolo unde acestora urma s\u0103 le expire\nverificarea metrologic\u0103 sau erau deteriorate.<\/p>\n","protected":false},"excerpt":{"rendered":"<p>APAVIL SA \u2013 Centru Exploatare Vest a desf\u0103\u015furat \u00een s\u0103pt\u0103m\u00e2na 18 \u2013 24 mai 2020 o serie de activit\u0103\u0163i \u00een \u00eentreaga arie de operare. AVARII REZOLVATE. \u00cen aceast\u0103 perioad\u0103 au avut loc mai multe interven\u021bii pentru eliminarea pierderilor de ap\u0103<\/p>\n","protected":false},"author":1,"featured_media":0,"comment_status":"closed","ping_status":"open","sticky":false,"template":"","format":"standard","meta":[],"categories":[30],"tags":[],"_links":{"self":[{"href":"https:\/\/apavil.ro\/index.php?rest_route=\/wp\/v2\/posts\/1805"}],"collection":[{"href":"https:\/\/apavil.ro\/index.php?rest_route=\/wp\/v2\/posts"}],"about":[{"href":"https:\/\/apavil.ro\/index.php?rest_route=\/wp\/v2\/types\/post"}],"author":[{"embeddable":true,"href":"https:\/\/apavil.ro\/index.php?rest_route=\/wp\/v2\/users\/1"}],"replies":[{"embeddable":true,"href":"https:\/\/apavil.ro\/index.php?rest_route=%2Fwp%2Fv2%2Fcomments&post=1805"}],"version-history":[{"count":1,"href":"https:\/\/apavil.ro\/index.php?rest_route=\/wp\/v2\/posts\/1805\/revisions"}],"predecessor-version":[{"id":1806,"href":"https:\/\/apavil.ro\/index.php?rest_route=\/wp\/v2\/posts\/1805\/revisions\/1806"}],"wp:attachment":[{"href":"https:\/\/apavil.ro\/index.php?rest_route=%2Fwp%2Fv2%2Fmedia&parent=1805"}],"wp:term":[{"taxonomy":"category","embeddable":true,"href":"https:\/\/apavil.ro\/index.php?rest_route=%2Fwp%2Fv2%2Fcategories&post=1805"},{"taxonomy":"post_tag","embeddable":true,"href":"https:\/\/apavil.ro\/index.php?rest_route=%2Fwp%2Fv2%2Ftags&post=1805"}],"curies":[{"name":"wp","href":"https:\/\/api.w.org\/{rel}","templated":true}]}}