{"id":1680,"date":"2020-05-19T10:02:53","date_gmt":"2020-05-19T10:02:53","guid":{"rendered":"https:\/\/web1.apavil.ro\/?p=1680"},"modified":"2020-05-21T06:15:12","modified_gmt":"2020-05-21T06:15:12","slug":"informare-de-presa-29-aprilie-2020","status":"publish","type":"post","link":"https:\/\/apavil.ro\/?p=1680","title":{"rendered":"Informare de pres\u0103 29 aprilie 2020"},"content":{"rendered":"\n<p>\n<strong>APAVIL\n SA \u2013 Centru Exploatare Vest<\/strong>\na desf\u0103\u015furat \u00een s\u0103pt\u0103m\u00e2na 21 \u2013 24 aprilie 2020 o serie de\nactivit\u0103\u0163i \u00een \u00eentreaga arie de operare.<\/p>\n\n\n\n<p>\n<strong>AVARII\nREZOLVATE. <\/strong>\u00cen\naceast\u0103 perioad\u0103 au avut loc mai multe interven\u021bii pentru\neliminarea pierderilor de ap\u0103 \u00een timp util la bran\u0219amente\nPEHD Dn 20: comuna Tom\u0219ani \u2013 satul Fole\u0219tii de Sus; conduct\u0103\nPEHD\nDn 25: comuna Pietrari \u2013 satul Pietrarii de Sus, comuna P\u0103u\u0219e\u0219ti\n\u2013 satele \u0218erb\u0103ne\u0219ti \u0219i Buzdugan Lunc\u0103, comuna Bune\u0219ti \u2013\nsatele Bune\u0219ti \u0219i Brozbe\u0219ti, comuna Fr\u00eence\u0219ti\n\u2013 satul Mo\u0219teni, ora\u0219ul Horezu \u2013 strada Sat Ur\u0219ani;\nconduct\u0103 PEHD Dn 32: comuna Tom\u0219ani \u2013 satul Bogd\u0103ne\u0219ti.<\/p>\n\n\n\n<p>\nLa\naceste interven\u021bii s-au efectuat opera\u021biile necesare remedierii\nproblemelor \u0219i de aducere la starea ini\u021bial\u0103 a terenului. \n<\/p>\n\n\n\n<p>\n<strong>PROBLEME\nPUNCTUALE. <\/strong>Au\nfost realizate o serie de lucr\u0103ri punctuale: \n<\/p>\n\n\n\n<ul><li>\n\ts-a\n\tefectuat sp\u0103larea re\u021belei de ap\u0103 potabil\u0103 cuprins\u0103 \u00eentre\n\tSta\u021bia de ap\u0103 Bune\u0219ti \u0219i satele Fire\u0219ti \u0219i R\u00e2p\u0103ne\u0219ti;\n\t<\/li><li>\n\ts-a\n\tefectuat sp\u0103larea re\u021belei de ap\u0103 potabil\u0103 \u00eenainte de intrarea\n\t\u00een rezervorul de la Romani din ora\u0219ul B\u0103beni;\n\t<\/li><li>\n\ts-au\n\tmontat bran\u0219amente noi \u00een comuna P\u0103u\u0219e\u0219ti \u2013 satul Barcanele,\n\tcomuna \u0218irineasa \u2013 zona Loturi \u0219i \u00een ora\u0219ul B\u0103ile Govora \u2013\n\tsatul G\u0103teje\u0219ti;\n\t<\/li><li>\n\ts-au\n\texecutat bran\u0219ament ap\u0103 \u0219i racord canalizare \u00een comuna Tom\u0219ani\n\t\u2013 satul Chiceni;\n\t<\/li><li>\n\ts-a\n\tverificat Sta\u021bia de captare, tratare \u0219i pompare \u0218irineasa;\n\t<\/li><li>\n\ts-a\n\t\u00eenlocuit pompa de inundare a drenului de la Sta\u021bia de ap\u0103\n\t\u0218irineasa; \n\t\n\t<\/li><li>\n\ts-au\n\tverificat Sta\u021bia de epurare Dosul R\u00e2ului, Sta\u021bia de ap\u0103 \u0219i\n\trezervor Valea R\u00e2ului din comuna Nicolae B\u0103lcescu \u0219i s-au f\u0103cut\n\tdetermin\u0103rile concentra\u021biei de hipoclorit;\n\t<\/li><li>\n\ts-a\n\tcura\u021bat \u0219i decolmatat manual zona de captare din cadrul barajului\n\tR\u00e2me\u0219ti;\n\t<\/li><li>\n\ts-a\n\tefectuat igienizarea incintei Sta\u021biei de repompare ap\u0103 potabil\u0103\n\tAnghele\u0219ti \u0219i Linia Nou\u0103 din comuna Pietrari;\n\t<\/li><li>\n\ts-a\n\tefectuat igienizarea incintei rezervor \u00eenmagazinare ap\u0103 potabil\u0103\n\tTeiu\u0219u din comuna Bune\u0219ti;\n\t<\/li><li>\n\ts-a\n\tefectuat igienizarea incintei pu\u021buri captare ap\u0103 potabil\u0103\n\tB\u00eerze\u0219ti din comuna Pietrari;\n\t<\/li><li>\n\tau\n\tfost verifica\u021bi parametrii apei potabile furnizate \u00een sistemele\n\tGovora, Mih\u0103e\u0219ti, Bune\u0219ti, P\u0103u\u0219e\u0219ti, Fr\u00e2nce\u0219ti;\n\t<\/li><li>\n\ts-au\n\tvidanjat \u0219i cur\u0103\u021bat c\u0103minele sta\u021biilor de repompare ap\u0103 uzat\u0103,\n\tcare necesit\u0103 golire periodic\u0103, din localit\u0103\u021bile B\u0103beni,\n\tTom\u0219ani, Cerni\u0219oara, \u0218irineasa \u0219i Nicolae B\u0103lcescu;\n\t<\/li><li>\n\ts-a\n\tasigurat monitorizarea permanent\u0103 a func\u021bion\u0103rii echipamentelor\n\tla sta\u021biile de pompare ap\u0103 \u0219i a sta\u021biilor de repompare ape uzate\n\tdin cadrul sectorului Govora, zonele Pietrari, Bune\u0219ti \u0219i P\u0103u\u0219e\u0219ti\n\t\u2013 Ot\u0103s\u0103u;\n\t<\/li><li>\n\ta\n\tfost asigurat\u0103 buna func\u021bionare a re\u021belelor de ap\u0103 \u0219i\n\tcanalizare din \u00eentreaga arie de operare a Centrului de Exploatare\n\tVest.\n<\/li><\/ul>\n\n\n\n<p>\n<strong>APOMETRE\nVERIFICATE \u0218I MONTATE. <\/strong>Tot\n\u00een aceast\u0103 perioad\u0103 au fost verificate \u015fi \u00eenlocuite apometre \u00een\ntoat\u0103 aria de operare, acolo unde acestora urma s\u0103 le expire\nverificarea metrologic\u0103 sau erau deteriorate.<\/p>\n","protected":false},"excerpt":{"rendered":"<p>APAVIL SA \u2013 Centru Exploatare Vest a desf\u0103\u015furat \u00een s\u0103pt\u0103m\u00e2na 21 \u2013 24 aprilie 2020 o serie de activit\u0103\u0163i \u00een \u00eentreaga arie de operare. AVARII REZOLVATE. \u00cen aceast\u0103 perioad\u0103 au avut loc mai multe interven\u021bii pentru eliminarea pierderilor de ap\u0103<\/p>\n","protected":false},"author":1,"featured_media":0,"comment_status":"closed","ping_status":"closed","sticky":false,"template":"","format":"standard","meta":[],"categories":[30],"tags":[],"_links":{"self":[{"href":"https:\/\/apavil.ro\/index.php?rest_route=\/wp\/v2\/posts\/1680"}],"collection":[{"href":"https:\/\/apavil.ro\/index.php?rest_route=\/wp\/v2\/posts"}],"about":[{"href":"https:\/\/apavil.ro\/index.php?rest_route=\/wp\/v2\/types\/post"}],"author":[{"embeddable":true,"href":"https:\/\/apavil.ro\/index.php?rest_route=\/wp\/v2\/users\/1"}],"replies":[{"embeddable":true,"href":"https:\/\/apavil.ro\/index.php?rest_route=%2Fwp%2Fv2%2Fcomments&post=1680"}],"version-history":[{"count":1,"href":"https:\/\/apavil.ro\/index.php?rest_route=\/wp\/v2\/posts\/1680\/revisions"}],"predecessor-version":[{"id":1681,"href":"https:\/\/apavil.ro\/index.php?rest_route=\/wp\/v2\/posts\/1680\/revisions\/1681"}],"wp:attachment":[{"href":"https:\/\/apavil.ro\/index.php?rest_route=%2Fwp%2Fv2%2Fmedia&parent=1680"}],"wp:term":[{"taxonomy":"category","embeddable":true,"href":"https:\/\/apavil.ro\/index.php?rest_route=%2Fwp%2Fv2%2Fcategories&post=1680"},{"taxonomy":"post_tag","embeddable":true,"href":"https:\/\/apavil.ro\/index.php?rest_route=%2Fwp%2Fv2%2Ftags&post=1680"}],"curies":[{"name":"wp","href":"https:\/\/api.w.org\/{rel}","templated":true}]}}