{"id":1672,"date":"2020-05-19T09:59:49","date_gmt":"2020-05-19T09:59:49","guid":{"rendered":"https:\/\/web1.apavil.ro\/?p=1672"},"modified":"2020-05-21T07:39:41","modified_gmt":"2020-05-21T07:39:41","slug":"informare-de-presa-14-aprilie-2020","status":"publish","type":"post","link":"https:\/\/apavil.ro\/?p=1672","title":{"rendered":"Informare de pres\u0103 14 aprilie 2020"},"content":{"rendered":"\n<p>\n<strong>APAVIL\n SA \u2013 Centru Exploatare Vest<\/strong>\na desf\u0103\u015furat \u00een s\u0103pt\u0103m\u00e2na 06 \u2013 10 aprilie 2020 o serie de\nactivit\u0103\u0163i \u00een \u00eentreaga arie de operare.<\/p>\n\n\n\n<p>\n<strong>AVARII\nREZOLVATE. <\/strong>\u00cen\naceast\u0103 perioad\u0103 au avut loc mai multe interven\u021bii pentru\neliminarea pierderilor de ap\u0103 \u00een timp util la bran\u0219amente\nPEHD\nDn 25: comuna Pietrari \u2013 satul Pietrarii de Sus, comuna P\u0103u\u0219e\u0219ti\n\u2013 satele V\u0103leni \u0219i Urs\u0103re\u0219ti; conduct\u0103 PEHD Dn 32: comuna\nPietrari \u2013 satul Pietrarii de Sus, comuna Tom\u0219ani \u2013 satul\nFole\u0219tii de Jos; conduct\u0103 PEHD Dn 63: comuna Fr\u00eence\u0219ti \u2013 satul\nMo\u0219teni; conduct\u0103 PEHD Dn 110: comuna Tom\u0219ani \u2013 satul Fole\u0219tii\nde Jos; conduct\u0103 OL 219: ora\u0219ul B\u0103ile Govora \u2013 strada Tudor\nVladimirescu.<\/p>\n\n\n\n<p>\nLa\naceste interven\u021bii s-au efectuat opera\u021biile necesare remedierii\nproblemelor \u0219i de aducere la starea ini\u021bial\u0103 a terenului. \n<\/p>\n\n\n\n<p>\n<strong>PROBLEME\nPUNCTUALE. <\/strong>Au\nfost realizate o serie de lucr\u0103ri punctuale: \n<\/p>\n\n\n\n<ul><li>\n\ts-a\n\tefectuat sp\u0103larea re\u021belei de ap\u0103 potabil\u0103 cuprins\u0103 \u00eentre\n\tSta\u021bia de ap\u0103 Bune\u0219ti \u0219i satele Fire\u0219ti \u0219i R\u00e2p\u0103ne\u0219ti;\n\t<\/li><li>\n\ts-au\n\tverificat sta\u021biile de tratare ap\u0103 de la rezervorul Romani, Dealul\n\tGalicei \u0219i Bercioiu \u0219i s-au f\u0103cut determin\u0103rile concentra\u021biei\n\tde hipoclorit;\n\t<\/li><li>\n\ts-au\n\tverificat Sta\u021bia de epurare Dosul R\u00e2ului, Sta\u021bia de ap\u0103 \u0219i\n\trezervor Valea R\u00e2ului \u0219i s-au f\u0103cut determin\u0103rile concentra\u021biei\n\tde hipoclorit;\n\t<\/li><li>\n\ts-a\n\trepozi\u021bionat conduct\u0103 PEHD Dn 110 \u00een comuna Vaideeni \u2013 satul\n\tIzvoru Rece;\n\t<\/li><li>\n\ts-a\n\tcur\u0103\u021bat re\u021beaua de canalizare cu hidrojetul \u00een ora\u0219ul Horezu \u2013\n\tstrada Eroilor;\n\t<\/li><li>\n\ts-au\n\tefectuat lucr\u0103ri pentru bran\u0219area utilizatorilor la re\u021beaua nou\u0103\n\tde ap\u0103 din conduct\u0103 PE Dn 63 din ora\u0219ul B\u0103beni \u2013 strada\n\tUnirii;\n\t<\/li><li>\n\ts-a\n\trepus \u00een func\u021biune Sta\u021bia de repompare ap\u0103 potabil\u0103 R\u00e2p\u0103ne\u0219ti\n\tdin comuna Bune\u0219ti;\n\t<\/li><li>\n\ts-a\n\tefectuat igienizarea incintei Sta\u021biilor de repompare ap\u0103 potabil\u0103\n\tValea \u0218colii \u0219i Bucheni din comuna Pietrari \u2013 satul Pietrarii de\n\tSus;\n\t<\/li><li>\n\ts-au\n\t\u00eenlocuit robine\u021bi defec\u021bi la utilizatori din comuna \u0218irineasa;\n\t<\/li><li>\n\ts-a\n\tmontat bran\u0219ament nou la utilizator din comuna P\u0103u\u0219e\u0219ti \u2013\n\tsatul Cernele;\n\t<\/li><li>\n\ts-a\n\tefectuat igienizarea incintei rezervor \u00eenmagazinare ap\u0103 potabil\u0103\n\tCucurigu din ora\u0219ul B\u0103ile Govora;\n\t<\/li><li>\n\ts-a\n\tefectuat igienizarea incintei Sta\u021biei de epurare Bune\u0219ti R\u00e2u din\n\tcomuna Bune\u0219ti;\n\t<\/li><li>\n\tau\n\tfost verifica\u021bi parametrii apei potabile furnizate \u00een sistemele\n\tGovora, Mih\u0103e\u0219ti, Bune\u0219ti, P\u0103u\u0219e\u0219ti, Fr\u00e2nce\u0219ti;\n\t<\/li><li>\n\ts-au\n\tvidanjat \u0219i cur\u0103\u021bat c\u0103minele sta\u021biilor de repompare ap\u0103 uzat\u0103,\n\tcare necesit\u0103 golire periodic\u0103, din localit\u0103\u021bile B\u0103beni,\n\tTom\u0219ani, Cerni\u0219oara, \u0218irineasa \u0219i Nicolae B\u0103lcescu;\n\t<\/li><li>\n\ts-a\n\tasigurat monitorizarea permanent\u0103 a func\u021bion\u0103rii echipamentelor\n\tla sta\u021biile de pompare ap\u0103 \u0219i a sta\u021biilor de repompare ape uzate\n\tdin cadrul sectorului Govora, zonele Pietrari, Bune\u0219ti \u0219i P\u0103u\u0219e\u0219ti\n\t\u2013 Ot\u0103s\u0103u;\n\t<\/li><li>\n\ta\n\tfost asigurat\u0103 buna func\u021bionare a re\u021belelor de ap\u0103 \u0219i\n\tcanalizare din \u00eentreaga arie de operare a Centrului de Exploatare\n\tVest.\n<\/li><\/ul>\n\n\n\n<p>\n<strong>APOMETRE\nVERIFICATE \u0218I MONTATE. <\/strong>Tot\n\u00een aceast\u0103 perioad\u0103 au fost verificate \u015fi \u00eenlocuite apometre \u00een\ntoat\u0103 aria de operare, acolo unde acestora urma s\u0103 le expire\nverificarea metrologic\u0103 sau erau deteriorate.<\/p>\n","protected":false},"excerpt":{"rendered":"<p>APAVIL SA \u2013 Centru Exploatare Vest a desf\u0103\u015furat \u00een s\u0103pt\u0103m\u00e2na 06 \u2013 10 aprilie 2020 o serie de activit\u0103\u0163i \u00een \u00eentreaga arie de operare. AVARII REZOLVATE. \u00cen aceast\u0103 perioad\u0103 au avut loc mai multe interven\u021bii pentru eliminarea pierderilor de ap\u0103<\/p>\n","protected":false},"author":1,"featured_media":0,"comment_status":"closed","ping_status":"closed","sticky":false,"template":"","format":"standard","meta":[],"categories":[30],"tags":[],"_links":{"self":[{"href":"https:\/\/apavil.ro\/index.php?rest_route=\/wp\/v2\/posts\/1672"}],"collection":[{"href":"https:\/\/apavil.ro\/index.php?rest_route=\/wp\/v2\/posts"}],"about":[{"href":"https:\/\/apavil.ro\/index.php?rest_route=\/wp\/v2\/types\/post"}],"author":[{"embeddable":true,"href":"https:\/\/apavil.ro\/index.php?rest_route=\/wp\/v2\/users\/1"}],"replies":[{"embeddable":true,"href":"https:\/\/apavil.ro\/index.php?rest_route=%2Fwp%2Fv2%2Fcomments&post=1672"}],"version-history":[{"count":1,"href":"https:\/\/apavil.ro\/index.php?rest_route=\/wp\/v2\/posts\/1672\/revisions"}],"predecessor-version":[{"id":1673,"href":"https:\/\/apavil.ro\/index.php?rest_route=\/wp\/v2\/posts\/1672\/revisions\/1673"}],"wp:attachment":[{"href":"https:\/\/apavil.ro\/index.php?rest_route=%2Fwp%2Fv2%2Fmedia&parent=1672"}],"wp:term":[{"taxonomy":"category","embeddable":true,"href":"https:\/\/apavil.ro\/index.php?rest_route=%2Fwp%2Fv2%2Fcategories&post=1672"},{"taxonomy":"post_tag","embeddable":true,"href":"https:\/\/apavil.ro\/index.php?rest_route=%2Fwp%2Fv2%2Ftags&post=1672"}],"curies":[{"name":"wp","href":"https:\/\/api.w.org\/{rel}","templated":true}]}}