{"id":1662,"date":"2020-05-19T09:54:06","date_gmt":"2020-05-19T09:54:06","guid":{"rendered":"https:\/\/web1.apavil.ro\/?p=1662"},"modified":"2020-05-21T07:40:13","modified_gmt":"2020-05-21T07:40:13","slug":"informare-de-presa-25-martie-2020","status":"publish","type":"post","link":"https:\/\/apavil.ro\/?p=1662","title":{"rendered":"Informare de pres\u0103 25 martie 2020"},"content":{"rendered":"\n<p>\n<strong>APAVIL\n SA \u2013 Centru Exploatare Vest<\/strong>\na desf\u0103\u015furat \u00een s\u0103pt\u0103m\u00e2na 16 \u2013 20 martie 2020 o serie de\nactivit\u0103\u0163i \u00een \u00eentreaga arie de operare.<\/p>\n\n\n\n<p>\n<strong>AVARII\nREZOLVATE. <\/strong>\u00cen\naceast\u0103 perioad\u0103 au avut loc mai multe interven\u021bii pentru\neliminarea pierderilor de ap\u0103 \u00een timp util la bran\u0219amente\nPEHD\nDn 25:\ncomuna\nP\u0103u\u0219e\u0219ti\n\u2013 satele P\u0103u\u0219e\u0219ti Ot\u0103s\u0103u \u0219i Buzdugan Lunc\u0103, comuna Mih\u0103e\u0219ti\n\u2013 satele Sc\u0103ri\u0219oara, Guri\u0219oara \u0219i Govora, comuna Bune\u0219ti \u2013\nsatele Bune\u0219ti \u0219i Titireci,\nora\u0219ul\nB\u0103ile Govora \u2013 satul G\u0103teje\u0219ti, ora\u0219ul Horezu \u2013 strada\nAlexandru Vlahu\u021b\u0103, comuna Pietrari \u2013 satele Pietrarii de Sus \u0219i\nAlbota;\nconduct\u0103 PEHD Dn 63: ora\u0219ul B\u0103beni \u2013 strada Aleea Liceului;\nconduct\u0103 PE Dn 75: comuna Nicolae B\u0103lcescu \u2013 satul Ple\u0219oiu;\nconduct\u0103 PEHD Dn 110: comuna Tom\u0219ani \u2013 satul Fole\u0219tii de Jos;\nconduct\u0103 PEHD Dn 160: ora\u0219ul Horezu \u2013 strada Tudor Vladimirescu;\nconduct\u0103\nOL 219: ora\u0219ul Horezu \u2013 satul R\u00e2me\u0219ti.<\/p>\n\n\n\n<p>\nLa\naceste interven\u021bii s-au efectuat opera\u021biile necesare remedierii\nproblemelor \u0219i de aducere la starea ini\u021bial\u0103 a terenului. \n<\/p>\n\n\n\n<p>\n<strong>PROBLEME\nPUNCTUALE. <\/strong>Au\nfost realizate o serie de lucr\u0103ri punctuale: \n<\/p>\n\n\n\n<ul><li>\n\ts-a\n\tefectuat sp\u0103larea re\u021belei de ap\u0103 potabil\u0103 cuprins\u0103 \u00eentre\n\tSta\u021bia de ap\u0103 Bune\u0219ti \u0219i satele Fire\u0219ti \u0219i R\u00e2p\u0103ne\u0219ti;\n\t<\/li><li>\n\ts-a\n\tintervenit la o pomp\u0103 stradal\u0103 defect\u0103 \u00een comuna Tom\u0219ani \u2013\n\tsatul Chiceni;\n\t<\/li><li>\n\ts-au\n\tmontat bran\u0219amente noi la utilizatori din ora\u0219ul B\u0103ile Govora \u2013\n\tstrada Tudor Vladimirescu, comuna Mih\u0103e\u0219ti \u2013 satul Govora;\n\t<\/li><li>\n\ts-a\n\tefectuat cur\u0103\u021barea \u0219i sp\u0103larea Sta\u021biilor de pompare ape uzate\n\tTom\u0219ani \u2013 satul Fole\u0219tii de Jos, Fole\u0219tii de Sus \u0219i B\u0103lt\u0103\u021beni;\n\t<\/li><li>\n\ts-a\n\tdesfundat re\u021beaua de canalizare \u00een comuna \u0218irineasa \u2013 satul\n\t\u0218irineasa;\n\t<\/li><li>\n\ts-a\n\tcur\u0103\u021bat \u0219i\n\tdecolmatat barajul de captare R\u00e2me\u0219ti;\n\t<\/li><li>\n\ts-au\n\tefectuat opera\u021biuni pentru cur\u0103\u021barea bazinelor din treapta\n\tmecanic\u0103 din cadrul Sta\u021biei de epurare ape uzate Sl\u0103vite\u0219ti,\n\tcomuna \u0218irineasa, sta\u021bie aflat\u0103 \u00een conservare;\n\t<\/li><li>\n\ts-au\n\tefectuat lucr\u0103ri pentru bran\u0219area utilizatorilor la re\u021beaua nou\u0103\n\tde ap\u0103 din conduct\u0103 PE Dn 63 din ora\u0219ul B\u0103beni \u2013 strada\n\tUnirii;\n\t<\/li><li>\n\ts-a\n\trealizat un racord de canalizare \u00een comuna \u0218irineasa \u2013 satul\n\t\u0218irineasa;\n\t<\/li><li>\n\ts-au\n\tefectuat lucr\u0103ri pentru decolmatarea drenului adiacent Sta\u021biei de\n\tcaptare, tratare, pompare \u0219i distribu\u021bie ap\u0103 \u0218irineasa, comuna\n\t\u0218irineasa;\n\t<\/li><li>\n\ts-au\n\tefectuat lucr\u0103ri pentru modificarea traseului re\u021belei de\n\tcanalizare situat\u0103 pe strada Drago\u0219 Vr\u00e2nceanu din ora\u0219ul B\u0103beni,\n\t\u00een vederea repunerii \u00een func\u021biune a Sta\u021biei de repompare ap\u0103\n\tuzat\u0103 nr. 1 din ora\u0219ul B\u0103beni;\n\t<\/li><li>\n\ts-a\n\tefectuat igienizarea incintei Sta\u021biilor de repompare ap\u0103 Bucheni\n\t\u0219i Linia Nou\u0103 din comuna Pietrari \u2013 satul Pietrarii de Sus;\n\t<\/li><li>\n\tau\n\tfost verifica\u021bi parametrii apei potabile furnizate \u00een sistemele\n\tGovora, Mih\u0103e\u0219ti, Bune\u0219ti, P\u0103u\u0219e\u0219ti, Fr\u00e2nce\u0219ti;\n\t<\/li><li>\n\ts-au\n\tvidanjat \u0219i cur\u0103\u021bat c\u0103minele sta\u021biilor de repompare ap\u0103 uzat\u0103,\n\tcare necesit\u0103 golire periodic\u0103, din localit\u0103\u021bile B\u0103beni,\n\tTom\u0219ani, Cerni\u0219oara, \u0218irineasa \u0219i Nicolae B\u0103lcescu;\n\t<\/li><li>\n\ts-a\n\tasigurat monitorizarea permanent\u0103 a func\u021bion\u0103rii echipamentelor\n\tla sta\u021biile de pompare ap\u0103 \u0219i a sta\u021biilor de repompare ape uzate\n\tdin cadrul sectorului Govora, zonele Pietrari, Bune\u0219ti \u0219i P\u0103u\u0219e\u0219ti\n\t\u2013 Ot\u0103s\u0103u;\n\t<\/li><li>\n\ta\n\tfost asigurat\u0103 buna func\u021bionare a re\u021belelor de ap\u0103 \u0219i\n\tcanalizare din \u00eentreaga arie de operare a Centrului de Exploatare\n\tVest.\n<\/li><\/ul>\n\n\n\n<p>\n<strong>APOMETRE\nVERIFICATE \u0218I MONTATE. <\/strong>Tot\n\u00een aceast\u0103 perioad\u0103 au fost verificate \u015fi \u00eenlocuite apometre \u00een\ntoat\u0103 aria de operare, acolo unde acestora urma s\u0103 le expire\nverificarea metrologic\u0103 sau erau deteriorate.<\/p>\n","protected":false},"excerpt":{"rendered":"<p>APAVIL SA \u2013 Centru Exploatare Vest a desf\u0103\u015furat \u00een s\u0103pt\u0103m\u00e2na 16 \u2013 20 martie 2020 o serie de activit\u0103\u0163i \u00een \u00eentreaga arie de operare. AVARII REZOLVATE. \u00cen aceast\u0103 perioad\u0103 au avut loc mai multe interven\u021bii pentru eliminarea pierderilor de ap\u0103<\/p>\n","protected":false},"author":1,"featured_media":0,"comment_status":"closed","ping_status":"closed","sticky":false,"template":"","format":"standard","meta":[],"categories":[30],"tags":[],"_links":{"self":[{"href":"https:\/\/apavil.ro\/index.php?rest_route=\/wp\/v2\/posts\/1662"}],"collection":[{"href":"https:\/\/apavil.ro\/index.php?rest_route=\/wp\/v2\/posts"}],"about":[{"href":"https:\/\/apavil.ro\/index.php?rest_route=\/wp\/v2\/types\/post"}],"author":[{"embeddable":true,"href":"https:\/\/apavil.ro\/index.php?rest_route=\/wp\/v2\/users\/1"}],"replies":[{"embeddable":true,"href":"https:\/\/apavil.ro\/index.php?rest_route=%2Fwp%2Fv2%2Fcomments&post=1662"}],"version-history":[{"count":1,"href":"https:\/\/apavil.ro\/index.php?rest_route=\/wp\/v2\/posts\/1662\/revisions"}],"predecessor-version":[{"id":1663,"href":"https:\/\/apavil.ro\/index.php?rest_route=\/wp\/v2\/posts\/1662\/revisions\/1663"}],"wp:attachment":[{"href":"https:\/\/apavil.ro\/index.php?rest_route=%2Fwp%2Fv2%2Fmedia&parent=1662"}],"wp:term":[{"taxonomy":"category","embeddable":true,"href":"https:\/\/apavil.ro\/index.php?rest_route=%2Fwp%2Fv2%2Fcategories&post=1662"},{"taxonomy":"post_tag","embeddable":true,"href":"https:\/\/apavil.ro\/index.php?rest_route=%2Fwp%2Fv2%2Ftags&post=1662"}],"curies":[{"name":"wp","href":"https:\/\/api.w.org\/{rel}","templated":true}]}}