{"id":1627,"date":"2020-03-11T06:09:23","date_gmt":"2020-03-11T06:09:23","guid":{"rendered":"https:\/\/web1.apavil.ro\/?p=1627"},"modified":"2020-05-21T07:40:51","modified_gmt":"2020-05-21T07:40:51","slug":"situatia-centralizata-a-lucrarilor-derulate-de-apavil-sa-in-municipiul-rm-valcea-in-perioada-29-februarie-06-martie-2020","status":"publish","type":"post","link":"https:\/\/apavil.ro\/?p=1627","title":{"rendered":"Situa\u0163ia Centralizat\u0103 A Lucr\u0103rilor Derulate De Apavil SA \u00cen Municipiul Rm. V\u00e2lcea \u00cen perioada 29 Februarie \u2013 06 Martie 2020"},"content":{"rendered":"\n<p>\n<em><strong>APAVIL\nSA<\/strong><\/em><em>\na desf\u0103\u015furat \u015fi \u00een perioada 29 februarie \u2013 06 martie 2020 o\nactivitate intens\u0103 \u00een municipiul R\u00e2mnicu V\u00e2lcea, \u00een colaborare\ncu autorit\u0103\u0163ile locale. <\/em>\n<\/p>\n\n\n\n<p>\n<strong>AVARII\nSOLU\u0162IONATE. <\/strong>S-au\nremediat, \u00een timp util, pierderile de ap\u0103 potabil\u0103 pe str\u0103zile: N\nTitulescu intersec\u021bie cu B-dul Nicolae B\u0103lcescu, Independen\u021bei &#8211;\nZ\u0103voi Bl 12, Timi\u0219 nr. 29 \u0219i Episcop Inochen\u021bie nr. 12A.<\/p>\n\n\n\n<p>\n <strong>LUCR\u0102RI\nDE AMENAJARE A TERENULUI.<\/strong>\n\u00cen vederea aducerii la starea ini\u021bial\u0103 a terenului deteriorat \u00een\nurma interven\u021biilor, s-au executat lucr\u0103ri de amenajare prin\nbetonare\/asfaltare pe str\u0103zile: Cet\u0103\u021bii, Gura V\u0103ii, M\u0103ce\u0219ului,\nTimi\u0219.<\/p>\n\n\n\n<p>\n <strong>POMPE\nCUR\u0102\u0162ATE. <\/strong>S-au\ncur\u0103\u021bat manual \u0219i mecanizat pompele din zonele: Arinilor, bd. Dem\nR\u0103dulescu, T\u00e2rgul Goranu, Pasajul Bogdan Amaru, Pasajul Dacia<strong>.<\/strong><\/p>\n\n\n\n<p>\n<strong>PROBLEME\nPUNCTUALE<\/strong>.\nAu fost realizate o serie de lucr\u0103ri punctuale:<\/p>\n\n\n\n<ul><li>\n\ts-au\n\tridicat la cot\u0103 c\u0103mine de canalizare pe str. Nicolae\n\tB\u0103lcescu-(barier\u0103 Dovali) \u0219i str. Cet\u0103\u0163ii, necesit\u00e2nd opera\u021bii\n\tde t\u0103iere, spargere \u0219i turnare beton; \n\t\n\t<\/li><li>\n\tau\n\tfost finalizate lucr\u0103rile de extindere re\u021bea ap\u0103 potabil\u0103 \u0219i\n\tre\u021bea canalizare menajer\u0103 pe strada Cet\u0103\u021bii;\n\t<\/li><li>\n\ts-a\n\tasigurat asisten\u021b\u0103 tehnic\u0103 pe str. Ada Orleanu nr. 9 \u0219i str.\n\tVenus nr. 27;\n\t<\/li><li>\n\ta\n\tfost ref\u0103cut\u0103 suprafa\u0163a carosabil\u0103 pe Str. Rapsodiei, Bl. D1\/5\n\tprin t\u0103iere, spargere \u0219i turnare beton; \n\t\n\t<\/li><li>\n\ta\n\tfost \u00eenlocuit bran\u0219amentul OL 1 \u00bd  cu \u021beav\u0103 PEHD PN10 D50mm pe\n\tB-dul Nicolae B\u0103lcescu;\n\t<\/li><li>\n\t\ts-a\n\tcontinuat verificarea \u0219i cur\u0103\u021barea gurilor de scurgere, a\n\tc\u0103minelor de canalizare menajer\u0103 \u0219i a colectoarelor, manual \u0219i\n\tmecanizat; \n\t\n\t<\/li><li>\n\ts-a\n\tadus la starea ini\u021bial\u0103 suprafa\u021ba carosabil\u0103 \u00een zonele \u00een care\n\ts-a intervenit;\n\t<\/li><li>\n\tau\n\tfost aduse la cot\u0103 c\u0103minele de canalizare menajer\u0103\n\ttasate\/deteriorate.   \n\t\n<\/li><\/ul>\n\n\n\n<p>\n<strong>RE\u021aELE\nDE CANALIZARE MENAJER\u0102 CUR\u0102\u0162ATE. <\/strong>S-a\nintervenit pentru desfundarea, cur\u0103\u021barea \u0219i sp\u0103larea mecanizat\u0103\na re\u021belelor de canalizare menajer\u0103 \u0219i a gurilor de scurgere la\nurm\u0103toarele adrese: str. Republicii &#8211; Bl. S5\/6; str. S\u0103li\u015ftea\nNou\u0103; str. General Magheru &#8211; Bl. G \u0219i Bl. S3; str. Regina Maria &#8211;\nBl. Cozia, Bl. C6 \u0219i Bl. R28; Bd. Tineretului &#8211; Bl. A64; Aleea\nBradului &#8211; Bl. C1 \u0219i gr\u0103dini\u021ba; Aleea Miori\u0163ei &#8211; Bl. N10; str.\nNicolae Iorga &#8211; Bl. A17\/1 \u0219i Bl. A27\/3; str. Matei Basarab &#8211; Bl.118;\nBd. Pandurilor \u2013 Bl. J\/1; str. Dacia &#8211; Bl. 84; str. Doctor Hacman &#8211;\nBl. 85\/bis \u0219i Bl. 95; str. Cr\u00e2ngului; str. Straubing; Calea lui\nTraian &#8211; Liceul Economic; str. Priporu; str. Mihai Eminescu &#8211; Bl.\nS7\/3; str. Lucian Blaga &#8211; Bl. A38\/3 \u0219i Bl. A39; str. Episcop\nDamaschin \u0219i str. Prim\u0103verii &#8211; Bl. B2.<\/p>\n\n\n\n<p>\n<strong>62\nAPOMETRE VERIFICATE \u015eI MONTATE.<\/strong>\nTot \u00een aceast\u0103 perioad\u0103 au fost montate 62 apometre, dintre care\n60 verificate \u0219i \u00eenlocuite \u0219i 2 montaje apometre noi. De asemenea,\nau fost realizate 6 lucr\u0103ri de interven\u021bie la contoarele de ap\u0103\nrece montate \u00een re\u021bea \u0219i au fost \u00eentocmite 23 avize de\namplasament \u0219i un aviz tehnic.\n<\/p>\n","protected":false},"excerpt":{"rendered":"<p>APAVIL SA a desf\u0103\u015furat \u015fi \u00een perioada 29 februarie \u2013 06 martie 2020 o activitate intens\u0103 \u00een municipiul R\u00e2mnicu V\u00e2lcea, \u00een colaborare cu autorit\u0103\u0163ile locale. AVARII SOLU\u0162IONATE. S-au remediat, \u00een timp util, pierderile de ap\u0103 potabil\u0103 pe str\u0103zile: N Titulescu<\/p>\n","protected":false},"author":1,"featured_media":0,"comment_status":"closed","ping_status":"closed","sticky":false,"template":"","format":"standard","meta":[],"categories":[30],"tags":[],"_links":{"self":[{"href":"https:\/\/apavil.ro\/index.php?rest_route=\/wp\/v2\/posts\/1627"}],"collection":[{"href":"https:\/\/apavil.ro\/index.php?rest_route=\/wp\/v2\/posts"}],"about":[{"href":"https:\/\/apavil.ro\/index.php?rest_route=\/wp\/v2\/types\/post"}],"author":[{"embeddable":true,"href":"https:\/\/apavil.ro\/index.php?rest_route=\/wp\/v2\/users\/1"}],"replies":[{"embeddable":true,"href":"https:\/\/apavil.ro\/index.php?rest_route=%2Fwp%2Fv2%2Fcomments&post=1627"}],"version-history":[{"count":2,"href":"https:\/\/apavil.ro\/index.php?rest_route=\/wp\/v2\/posts\/1627\/revisions"}],"predecessor-version":[{"id":1758,"href":"https:\/\/apavil.ro\/index.php?rest_route=\/wp\/v2\/posts\/1627\/revisions\/1758"}],"wp:attachment":[{"href":"https:\/\/apavil.ro\/index.php?rest_route=%2Fwp%2Fv2%2Fmedia&parent=1627"}],"wp:term":[{"taxonomy":"category","embeddable":true,"href":"https:\/\/apavil.ro\/index.php?rest_route=%2Fwp%2Fv2%2Fcategories&post=1627"},{"taxonomy":"post_tag","embeddable":true,"href":"https:\/\/apavil.ro\/index.php?rest_route=%2Fwp%2Fv2%2Ftags&post=1627"}],"curies":[{"name":"wp","href":"https:\/\/api.w.org\/{rel}","templated":true}]}}