{"id":1622,"date":"2020-03-11T06:06:26","date_gmt":"2020-03-11T06:06:26","guid":{"rendered":"https:\/\/web1.apavil.ro\/?p=1622"},"modified":"2020-05-21T07:41:27","modified_gmt":"2020-05-21T07:41:27","slug":"situatia-centralizata-a-lucrarilor-derulate-de-apavil-sa-in-municipiul-rm-valcea-in-perioada-24-28-februarie-2020","status":"publish","type":"post","link":"https:\/\/apavil.ro\/?p=1622","title":{"rendered":"Situa\u0163ia Centralizat\u0103 A Lucr\u0103rilor Derulate De Apavil SA \u00cen Municipiul Rm. V\u00e2lcea \u00cen perioada 24 \u2013 28 Februarie 2020"},"content":{"rendered":"\n<p>\n<em><strong>APAVIL\nSA<\/strong><\/em><em>\na desf\u0103\u015furat \u015fi \u00een perioada 24 \u2013 28 februarie 2020 o activitate\nintens\u0103 \u00een municipiul R\u00e2mnicu V\u00e2lcea, \u00een colaborare cu\nautorit\u0103\u0163ile locale. <\/em>\n<\/p>\n\n\n\n<p>\n<strong>AVARII\nSOLU\u0162IONATE. <\/strong>S-au\nremediat, \u00een timp util, pierderile de ap\u0103 potabil\u0103 pe str\u0103zile:\nR\u00e2ureni, Aurelian Sacerdo\u021beanu \u0219i Antim Ivireanu intersec\u021bie cu\nIn\u0103te\u0219ti.<\/p>\n\n\n\n<p>\n<strong>LUCR\u0102RI\nDE AMENAJARE A TERENULUI.<\/strong>\n\u00cen vederea aducerii la starea ini\u021bial\u0103 a terenului deteriorat \u00een\nurma interven\u021biilor, s-au executat lucr\u0103ri de amenajare prin\nbetonare\/asfaltare pe str\u0103zile Marin Sorescu, Cet\u0103\u021bii \u0219i Antim\nIvireanu intersec\u021bie cu In\u0103te\u0219ti.<\/p>\n\n\n\n<p>\n <strong>POMPE\nCUR\u0102\u0162ATE. <\/strong>S-au\ncur\u0103\u021bat manual \u0219i mecanizat pompele din zonele: Arinilor, Bd. Dem\nR\u0103dulescu, Goranu, Bogdan Amaru \u0219i Pasaj Dacia. \n<\/p>\n\n\n\n<p>\n<strong>PROBLEME\nPUNCTUALE<\/strong>.\nAu fost realizate o serie de lucr\u0103ri punctuale:<\/p>\n\n\n\n<ul><li>\n\ts-au\n\tfinalizat lucr\u0103rile de extindere re\u021bea ap\u0103 potabil\u0103 \u0219i re\u021bea\n\tcanalizare menajer\u0103 pe strada Cet\u0103\u021bii;\n\t<\/li><li>\n\ts-au\n\tfinalizat lucr\u0103rile de extindere re\u021bea canalizare menajer\u0103 PVC Dn\n\t250 pe strada Aleea Melodiei intersec\u021bie cu strada Gura V\u0103ii;\n\t<\/li><li>\n\tau\n\t\u00eenceput lucr\u0103rile de execu\u021bie a bran\u0219amentului pe strada\n\tKalamata nr.18;\n\t<\/li><li>\n\ts-a\n\tasigurat asisten\u021b\u0103 tehnic\u0103 pe str\u0103zile \u0218tirbei Vod\u0103 nr. 160 \u0219i\n\tR\u00e2ureni nr. 133;\n\t<\/li><li>\n\ts-a\n\tref\u0103cut canalizare tasat\u0103 pe strada I. C. Br\u0103tianu \u2013 blocul\n\tA64;\n\t<\/li><li>\n\ts-a\n\texecutat racord canalizare menajer\u0103 Dn 160 pe strada Antim\n\tIvireanu;\n\t<\/li><li>\n\t\ts-a\n\tcontinuat verificarea \u0219i cur\u0103\u021barea gurilor de scurgere, a\n\tc\u0103minelor de canalizare menajer\u0103 \u0219i a colectoarelor, manual \u0219i\n\tmecanizat; \n\t\n\t<\/li><li>\n\ts-a\n\tadus la starea ini\u021bial\u0103 suprafa\u021ba carosabil\u0103 \u00een zonele \u00een care\n\ts-a intervenit;\n\t<\/li><li>\n\tau\n\tfost aduse la cot\u0103 c\u0103minele de canalizare menajer\u0103\n\ttasate\/deteriorate.   \n\t\n\t<\/li><li>\n\t\n<\/li><\/ul>\n\n\n\n<p>\n<strong>RE\u021aELE\nDE CANALIZARE MENAJER\u0102 CUR\u0102\u0162ATE. <\/strong>S-a\nintervenit pentru desfundarea, cur\u0103\u021barea \u0219i sp\u0103larea mecanizat\u0103\na re\u021belelor de canalizare menajer\u0103 \u0219i a gurilor de scurgere la\nurm\u0103toarele adrese: bulevardul Pandurilor \u2013 blocurile A7 \u0219i B11,\nstr. Regina Maria \u2013 bl. 12, str. Splaiul Independen\u021bei \u2013 blocul\n6, str. Calea lui Traian \u2013 blocurile 1 \u0219i L, str. Nicolae Iorga \u2013\nblocurile A24\/I \u0219i ANL 9, str. Republicii \u2013 blocul R35, str. Henri\nCoand\u0103 \u2013 Liceul de Art\u0103, str. I. L. Caragiale \u2013 blocul A28\/I,\nstr. \u0218tirbei Vod\u0103 \u2013 blocul P1, str. Gib Mih\u0103escu \u2013 blocul S5,\nstr. Mihai Viteazu \u2013 blocul 101, str. Iancu Pop \u2013 blocul G3, str.\nLucian Blaga \u2013 blocul A43 \u0219i str. Dacia \u2013 blocul 15.<\/p>\n\n\n\n<p>\n<strong>13\nAPOMETRE VERIFICATE \u015eI MONTATE.<\/strong>\nTot \u00een aceast\u0103 perioad\u0103 au fost montate 13 de apometre, dintre\ncare 11 verificate \u0219i \u00eenlocuite \u0219i 2 montaje apometre noi. De\nasemenea, au fost realizate 9 lucr\u0103ri de interven\u021bie la contoarele\nde ap\u0103 rece montate \u00een re\u021bea \u0219i au fost \u00eentocmite 27 avize de\namplasament \u0219i 3 avize tehnice.<\/p>\n","protected":false},"excerpt":{"rendered":"<p>APAVIL SA a desf\u0103\u015furat \u015fi \u00een perioada 24 \u2013 28 februarie 2020 o activitate intens\u0103 \u00een municipiul R\u00e2mnicu V\u00e2lcea, \u00een colaborare cu autorit\u0103\u0163ile locale. AVARII SOLU\u0162IONATE. S-au remediat, \u00een timp util, pierderile de ap\u0103 potabil\u0103 pe str\u0103zile: R\u00e2ureni, Aurelian Sacerdo\u021beanu<\/p>\n","protected":false},"author":1,"featured_media":0,"comment_status":"closed","ping_status":"closed","sticky":false,"template":"","format":"standard","meta":[],"categories":[30],"tags":[],"_links":{"self":[{"href":"https:\/\/apavil.ro\/index.php?rest_route=\/wp\/v2\/posts\/1622"}],"collection":[{"href":"https:\/\/apavil.ro\/index.php?rest_route=\/wp\/v2\/posts"}],"about":[{"href":"https:\/\/apavil.ro\/index.php?rest_route=\/wp\/v2\/types\/post"}],"author":[{"embeddable":true,"href":"https:\/\/apavil.ro\/index.php?rest_route=\/wp\/v2\/users\/1"}],"replies":[{"embeddable":true,"href":"https:\/\/apavil.ro\/index.php?rest_route=%2Fwp%2Fv2%2Fcomments&post=1622"}],"version-history":[{"count":2,"href":"https:\/\/apavil.ro\/index.php?rest_route=\/wp\/v2\/posts\/1622\/revisions"}],"predecessor-version":[{"id":1759,"href":"https:\/\/apavil.ro\/index.php?rest_route=\/wp\/v2\/posts\/1622\/revisions\/1759"}],"wp:attachment":[{"href":"https:\/\/apavil.ro\/index.php?rest_route=%2Fwp%2Fv2%2Fmedia&parent=1622"}],"wp:term":[{"taxonomy":"category","embeddable":true,"href":"https:\/\/apavil.ro\/index.php?rest_route=%2Fwp%2Fv2%2Fcategories&post=1622"},{"taxonomy":"post_tag","embeddable":true,"href":"https:\/\/apavil.ro\/index.php?rest_route=%2Fwp%2Fv2%2Ftags&post=1622"}],"curies":[{"name":"wp","href":"https:\/\/api.w.org\/{rel}","templated":true}]}}