{"id":1612,"date":"2020-03-11T06:02:51","date_gmt":"2020-03-11T06:02:51","guid":{"rendered":"https:\/\/web1.apavil.ro\/?p=1612"},"modified":"2020-05-21T07:41:54","modified_gmt":"2020-05-21T07:41:54","slug":"situatia-centralizata-a-lucrarilor-derulate-de-apavil-sa-in-municipiul-rm-valcea-in-perioada-10-14-februarie-2020","status":"publish","type":"post","link":"https:\/\/apavil.ro\/?p=1612","title":{"rendered":"Situa\u0163ia Centralizat\u0103 A Lucr\u0103rilor Derulate De Apavil SA \u00cen Municipiul Rm. V\u00e2lcea \u00cen perioada 10 \u2013 14 Februarie 2020"},"content":{"rendered":"\n<p>\n<em><strong>APAVIL\nSA<\/strong><\/em><em>\na desf\u0103\u015furat \u015fi \u00een perioada 10 \u2013 14 februarie 2020 o activitate\nintens\u0103 \u00een municipiul R\u00e2mnicu V\u00e2lcea, \u00een colaborare cu\nautorit\u0103\u0163ile locale. <\/em>\n<\/p>\n\n\n\n<p>\n<strong>AVARII\nSOLU\u0162IONATE. <\/strong>S-au\nremediat, \u00een timp util, pierderile de ap\u0103 potabil\u0103 pe str\u0103zile:\nAbatorului, Ostroveni, Calea lui Traian, Aurelian Sacerdo\u021beanu nr.\n42 \u0219i bulevardul Nicolae B\u0103lcescu.<\/p>\n\n\n\n<p>\n<strong>LUCR\u0102RI\nDE AMENAJARE A TERENULUI.<\/strong>\n\u00cen vederea aducerii la starea ini\u021bial\u0103 a terenului deteriorat \u00een\nurma interven\u021biilor, s-au executat lucr\u0103ri de amenajare prin\nbetonare\/asfaltare pe str\u0103zile Cet\u0103\u021bii, Antim Ivireanu, Buda,\nAurelian Sacerdo\u021beanu, I. C. Br\u0103tianu \u0219i Radu de la Afuma\u021bi.<\/p>\n\n\n\n<p>\n <strong>POMPE\nCUR\u0102\u0162ATE. <\/strong>S-au\ncur\u0103\u021bat manual \u0219i mecanizat pompele din zonele: Arinilor, Bd. Dem\nR\u0103dulescu, Goranu, Bogdan Amaru \u0219i Pasaj Dacia. \n<\/p>\n\n\n\n<p>\n<strong>PROBLEME\nPUNCTUALE<\/strong>.\nAu fost realizate o serie de lucr\u0103ri punctuale:<\/p>\n\n\n\n<ul><li>\n\ts-au\n\texecutat urm\u0103toarele lucr\u0103ri pe strada Cet\u0103\u021bii: montaj 2\n\tbran\u0219amente ap\u0103 potabil\u0103 \u0219i  2 racorduri canalizare menajer\u0103 \u0219i\n\texecu\u021bie probe de presiune pe re\u021belele de ap\u0103 \u0219i canalizare;\n\t<\/li><li>\n\tau\n\t\u00eenceput lucr\u0103rile de execu\u021bie a bran\u0219amentului pe strada\n\tKalamata nr.18;\n\t<\/li><li>\n\tau\n\t\u00eenceput lucr\u0103rile de \u00eenlocuire a racordului de canalizare pe\n\tstrada \u0218tirbei Vod\u0103 nr. 48;\n\t<\/li><li>\n\ts-au\n\texecutat lucr\u0103ri de \u00eenlocuire tronson re\u021bea de canalizare pe\n\tstrada I. C. Br\u0103tianu \u2013 blocul C19;\n\t<\/li><li>\n\tau\n\tfost cur\u0103\u021bate manual \u0219i mecanizat c\u0103minele de canalizare de la\n\tblocurile C18, C19, C20 \u0219i C27 de pe strada I. C. Br\u0103tianu;\n\t<\/li><li>\n\t\ts-a\n\tcontinuat verificarea \u0219i cur\u0103\u021barea gurilor de scurgere, a\n\tc\u0103minelor de canalizare menajer\u0103 \u0219i a colectoarelor, manual \u0219i\n\tmecanizat; \n\t\n\t<\/li><li>\n\ts-a\n\tadus la starea ini\u021bial\u0103 suprafa\u021ba carosabil\u0103 \u00een zonele \u00een care\n\ts-a intervenit;\n\t<\/li><li>\n\tau\n\tfost aduse la cot\u0103 c\u0103minele de canalizare menajer\u0103\n\ttasate\/deteriorate.   \n\t\n<\/li><\/ul>\n\n\n\n<p>\n<strong>RE\u021aELE\nDE CANALIZARE MENAJER\u0102 CUR\u0102\u0162ATE. <\/strong>S-a\nintervenit pentru desfundarea, cur\u0103\u021barea \u0219i sp\u0103larea mecanizat\u0103\na re\u021belelor de canalizare menajer\u0103 \u0219i a gurilor de scurgere la\nurm\u0103toarele adrese: str. Colonie Nuci, str. I. C. Br\u0103tianu \u2013 bl.\nC20 \u0219i C27, str. Aleea Panselu\u021belor \u2013 bl. C32, str. Splaiul\nIndependen\u021bei \u2013 bl. 2 \u0219i 3, str. Lucian Blaga \u2013 bl. A33, str.\nGeneral Magheru \u2013 bl. D, str. Calea lui Traian \u2013 bl. S16, str.\nOstroveni \u2013 bl. 101, str. Matei Basarab \u2013 bl. 112, str. Buna\nVestire \u2013 nr. 23A, str. Regina Maria \u2013 Gr\u0103dini\u021ba \u201c\nCozia\u201d, str.\nEmil Avr\u0103mescu \u2013 bl. Cozia, str. \u0218tirbei Vod\u0103 nr. 154, str.\nMarin Preda \u2013 bl. W \u0219i str. Pandurilor \u2013 bl. A8\/II.<\/p>\n\n\n\n<p>\n<strong>105\nAPOMETRE VERIFICATE \u015eI MONTATE.<\/strong>\nTot \u00een aceast\u0103 perioad\u0103 au fost montate 105 de apometre, dintre\ncare 104 verificate \u0219i \u00eenlocuite \u0219i un montaj apometru nou. De\nasemenea, au fost realizate 5 lucr\u0103ri de interven\u021bie la contoarele\nde ap\u0103 rece montate \u00een re\u021bea \u0219i au fost \u00eentocmite 13 avize de\namplasament \u0219i 2 avize tehnice.<\/p>\n","protected":false},"excerpt":{"rendered":"<p>APAVIL SA a desf\u0103\u015furat \u015fi \u00een perioada 10 \u2013 14 februarie 2020 o activitate intens\u0103 \u00een municipiul R\u00e2mnicu V\u00e2lcea, \u00een colaborare cu autorit\u0103\u0163ile locale. AVARII SOLU\u0162IONATE. S-au remediat, \u00een timp util, pierderile de ap\u0103 potabil\u0103 pe str\u0103zile: Abatorului, Ostroveni, Calea<\/p>\n","protected":false},"author":1,"featured_media":0,"comment_status":"closed","ping_status":"closed","sticky":false,"template":"","format":"standard","meta":[],"categories":[30],"tags":[],"_links":{"self":[{"href":"https:\/\/apavil.ro\/index.php?rest_route=\/wp\/v2\/posts\/1612"}],"collection":[{"href":"https:\/\/apavil.ro\/index.php?rest_route=\/wp\/v2\/posts"}],"about":[{"href":"https:\/\/apavil.ro\/index.php?rest_route=\/wp\/v2\/types\/post"}],"author":[{"embeddable":true,"href":"https:\/\/apavil.ro\/index.php?rest_route=\/wp\/v2\/users\/1"}],"replies":[{"embeddable":true,"href":"https:\/\/apavil.ro\/index.php?rest_route=%2Fwp%2Fv2%2Fcomments&post=1612"}],"version-history":[{"count":2,"href":"https:\/\/apavil.ro\/index.php?rest_route=\/wp\/v2\/posts\/1612\/revisions"}],"predecessor-version":[{"id":1761,"href":"https:\/\/apavil.ro\/index.php?rest_route=\/wp\/v2\/posts\/1612\/revisions\/1761"}],"wp:attachment":[{"href":"https:\/\/apavil.ro\/index.php?rest_route=%2Fwp%2Fv2%2Fmedia&parent=1612"}],"wp:term":[{"taxonomy":"category","embeddable":true,"href":"https:\/\/apavil.ro\/index.php?rest_route=%2Fwp%2Fv2%2Fcategories&post=1612"},{"taxonomy":"post_tag","embeddable":true,"href":"https:\/\/apavil.ro\/index.php?rest_route=%2Fwp%2Fv2%2Ftags&post=1612"}],"curies":[{"name":"wp","href":"https:\/\/api.w.org\/{rel}","templated":true}]}}