{"id":1610,"date":"2020-03-11T06:01:53","date_gmt":"2020-03-11T06:01:53","guid":{"rendered":"https:\/\/web1.apavil.ro\/?p=1610"},"modified":"2020-05-21T07:41:59","modified_gmt":"2020-05-21T07:41:59","slug":"apavil-coorganizator-al-workshop-ului-privind-sistemul-achizitiilor-publice-din-romania","status":"publish","type":"post","link":"https:\/\/apavil.ro\/?p=1610","title":{"rendered":"Apavil \u2013 Coorganizator Al Workshop-Ului Privind Sistemul Achizi\u021biilor Publice Din Rom\u00e2nia"},"content":{"rendered":"\n<p>\nMiercuri,\n12 februarie a.c., la Centrul Flandra din Rm. V\u00e2lcea, a avut loc\nworkshop-ul cu tema <strong>\u201eProbleme\n\u00eent\u00e2mpinate \u0219i solu\u021bii de optimizare a sistemului achizi\u021biilor\npublice din Rom\u00e2nia\u201d<\/strong>,\norganizat de Asocia\u021bia Parteneriat pentru Proiecte \u0219i Fonduri\nEuropene \u0219i Federa\u021bia Patronatelor Societ\u0103\u021bilor din Construc\u021bii,\ncu sprijinul Societ\u0103\u021bii Apavil SA. Aproximativ 80 de participan\u021bi\ndin toat\u0103 \u021bara au dezb\u0103tut subiecte de real interes pentru\nentit\u0103\u021bile implicate \u00een gestionarea proiectelor de investi\u021bii,\nav\u00e2nd ca obiective ini\u021bierea unor demersuri pentru\nadaptarea\/ajustarea cadrului legal \u0219i procedural la realit\u0103\u021bile\npractice, dar \u0219i accelerarea \u0219i optimizarea procesului de derulare\na proiectelor de investi\u021bii finan\u021bate din fonduri europene \u0219i\nna\u021bionale.<em>\n\u00cen jude\u021bul V\u00e2lcea, Societatea Apavil SA, prin Unitatea de\nImplementare Proiecte \u0219i Serviciul Achizi\u021bii, deruleaz\u0103 Proiectul\nRegional de Dezvoltare a Infrastructurii de Ap\u0103 \u0219i Ap\u0103 Uzat\u0103 care\nurmeaz\u0103 s\u0103 fie finan\u021bat prin Programul Opera\u021bional Infrastructur\u0103\nMare 2014-2020.<\/em><\/p>\n\n\n\n<p>\nLucr\u0103rile\nau fost deschise de c\u0103tre dl. Florian Burnar \u2013 pre\u0219edintele\nAsocia\u021biei Parteneriat pentru Proiecte \u0219i Fonduri Europene, dl.\nGigi Predu\u0219 \u2013 directorul general al Societ\u0103\u021bii Apavil SA \u0219i dl.\nCristian Erba\u0219u \u2013 vicepre\u0219edinte al Federa\u021biei Patronatelor\nSociet\u0103\u021bilor din Construc\u021bii. Din partea Agen\u021biei Na\u021bionale\npentru Achizi\u021bii Publice au r\u0103spuns invita\u021biei  dl. L\u00e1szl\u00f3-Zsolt\nLad\u00e1nyi-\nSecretarul\nGeneral al\nANAP \u0219i dl. Bogdan Dobrin \u2013 director general al Direc\u0163iei\nReglementare \u015fi Armonizare Legislativ\u0103 din cadrul agen\u021biei, care\nau considerat aceast\u0103 \u00eent\u00e2lnire un bun prilej pentru a afla\nproblemele cu care se confrunt\u0103 sistemul achizi\u021biilor publice din\nRom\u00e2nia, din perspectiva entit\u0103\u021bilor\nimplicate \u00een gestionarea proiectelor de investi\u021bii.<\/p>\n\n\n\n<p>\nAchizi\u021biile\npublice reprezint\u0103 un segment esen\u021bial \u00een buna desf\u0103\u0219urare a\nprogramelor cu finan\u021bare european\u0103, dovad\u0103 interesul autorit\u0103\u021bilor\nlocale, dar \u0219i al constructorilor, prim\u0103riilor, firmelor de\nconsultan\u021b\u0103, unit\u0103\u021bilor de implementare proiecte, companiilor \u0219i\nasocia\u021biilor de ap\u0103 din \u021bar\u0103, care au discutat pe marginea unor\nteme importante ca: baze de date \u0219i sisteme de referin\u021b\u0103 pentru\npre\u021burile unitare utilizate pentru proiectele de investi\u021bii,\nexemple de practici \u2013 ter\u021bul sus\u021bin\u0103tor, ajustarea\/actualizarea\npre\u021bului contractelor, conflictul de interese, criterii de atribuire\na contractelor etc. \n<\/p>\n\n\n\n<p>\nLa\nfinalul reuniunii, participan\u021bii implica\u021bi \u00een procesul de\nachizi\u021bie public\u0103 au conturat m\u0103suri \u0219i propuneri de ac\u021biuni\nviitoare, dialogul dintre societ\u0103\u021bile membre \u0219i mediul privat\nav\u00e2nd un rol activ \u00een identificarea problemelor\nprocedurale\/legislative, \u00een g\u0103sirea de solu\u021bii \u0219i abord\u0103ri\nunitare \u0219i eficiente, care pot fi sus\u021binute \u00een\ndialogul\ncu autorit\u0103\u021bile responsabile.<\/p>\n","protected":false},"excerpt":{"rendered":"<p>Miercuri, 12 februarie a.c., la Centrul Flandra din Rm. V\u00e2lcea, a avut loc workshop-ul cu tema \u201eProbleme \u00eent\u00e2mpinate \u0219i solu\u021bii de optimizare a sistemului achizi\u021biilor publice din Rom\u00e2nia\u201d, organizat de Asocia\u021bia Parteneriat pentru Proiecte \u0219i Fonduri Europene \u0219i Federa\u021bia Patronatelor<\/p>\n","protected":false},"author":1,"featured_media":0,"comment_status":"closed","ping_status":"closed","sticky":false,"template":"","format":"standard","meta":[],"categories":[30],"tags":[],"_links":{"self":[{"href":"https:\/\/apavil.ro\/index.php?rest_route=\/wp\/v2\/posts\/1610"}],"collection":[{"href":"https:\/\/apavil.ro\/index.php?rest_route=\/wp\/v2\/posts"}],"about":[{"href":"https:\/\/apavil.ro\/index.php?rest_route=\/wp\/v2\/types\/post"}],"author":[{"embeddable":true,"href":"https:\/\/apavil.ro\/index.php?rest_route=\/wp\/v2\/users\/1"}],"replies":[{"embeddable":true,"href":"https:\/\/apavil.ro\/index.php?rest_route=%2Fwp%2Fv2%2Fcomments&post=1610"}],"version-history":[{"count":1,"href":"https:\/\/apavil.ro\/index.php?rest_route=\/wp\/v2\/posts\/1610\/revisions"}],"predecessor-version":[{"id":1611,"href":"https:\/\/apavil.ro\/index.php?rest_route=\/wp\/v2\/posts\/1610\/revisions\/1611"}],"wp:attachment":[{"href":"https:\/\/apavil.ro\/index.php?rest_route=%2Fwp%2Fv2%2Fmedia&parent=1610"}],"wp:term":[{"taxonomy":"category","embeddable":true,"href":"https:\/\/apavil.ro\/index.php?rest_route=%2Fwp%2Fv2%2Fcategories&post=1610"},{"taxonomy":"post_tag","embeddable":true,"href":"https:\/\/apavil.ro\/index.php?rest_route=%2Fwp%2Fv2%2Ftags&post=1610"}],"curies":[{"name":"wp","href":"https:\/\/api.w.org\/{rel}","templated":true}]}}