{"id":1367,"date":"2020-02-10T13:14:03","date_gmt":"2020-02-10T13:14:03","guid":{"rendered":"https:\/\/web3.apavil.ro\/?p=1367"},"modified":"2020-05-21T07:42:03","modified_gmt":"2020-05-21T07:42:03","slug":"informare-de-presa-10-februarie-2020","status":"publish","type":"post","link":"https:\/\/apavil.ro\/?p=1367","title":{"rendered":"Informare de pres\u0103 10 februarie 2020"},"content":{"rendered":"\n<p><strong>APAVIL  SA \u2013 Centru Exploatare Vest<\/strong> a desf\u0103\u015furat \u00een s\u0103pt\u0103m\u00e2na 03 \u2013 07 februarie 2020 o serie de activit\u0103\u0163i \u00een \u00eentreaga arie de operare.<\/p>\n\n\n\n<p>\n<strong>AVARII\nREZOLVATE. <\/strong>\u00cen\naceast\u0103 perioad\u0103 au avut loc mai multe interven\u021bii pentru\neliminarea pierderilor de ap\u0103 \u00een timp util la bran\u0219amente\nPEHD\nDn 20: ora\u0219ul Horezu \u2013 satul Romanii de Jos \u0219i strada Olari,\ncomuna Tom\u0219ani \u2013 satul Bogd\u0103ne\u0219ti; conduct\u0103\nPEHD\nDn 25: comuna Pietrari \u2013 satele Pietrarii de Sus \u0219i Mo\u021be\u0219ti,\ncomuna P\u0103u\u0219e\u0219ti \u2013 satul P\u0103u\u0219e\u0219ti,\nora\u0219ul B\u0103beni \u2013 strada Romani;\nconduct\u0103\nPEHD Dn 32: comuna Tom\u0219ani \u2013 satul Fole\u0219tii de Jos;\nconduct\u0103\nPEHD Dn 50: comuna P\u0103u\u0219e\u0219ti \u2013 satul \u0218erb\u0103ne\u0219ti, comuna\nNicolae B\u0103lcescu \u2013 satul Prede\u0219ti; conduct\u0103 PEHD Dn 63: comuna\nFr\u00e2nce\u0219ti \u2013 satul Mo\u0219teni;\nconduct\u0103\nPE Dn 125: comuna Nicolae B\u0103lcescu \u2013 satul Ple\u0219oiu; conduct\u0103 PE\nDn 160: comuna \u0218irineasa \u2013 satul Cior\u0103\u0219ti, ora\u0219ul Horezu \u2013\nstrada Tudor Vladimirescu; conduct\u0103 OL 89: comuna M\u0103ld\u0103re\u0219ti \u2013\nstrada Principal\u0103. \n<\/p>\n\n\n\n<p>\nLa\naceste interven\u021bii s-au efectuat opera\u021biile necesare remedierii\nproblemelor \u0219i de aducere la stare ini\u021bial\u0103 a terenului. \n<\/p>\n\n\n\n<p>\n<strong>PROBLEME\nPUNCTUALE. <\/strong>Au\nfost realizate o serie de lucr\u0103ri punctuale: \n<\/p>\n\n\n\n<ul><li>\n\ts-a\n\tefectuat sp\u0103larea re\u021belei de ap\u0103 potabil\u0103 cuprins\u0103 \u00eentre\n\tSta\u021bia de ap\u0103 Bune\u0219ti \u0219i satele Fire\u0219ti \u0219i R\u00e2p\u0103ne\u0219ti;\n\t<\/li><li>\n\ts-a\n\tdecolmatat drenul adiacent al Sta\u021biei de captare, tratare, pompare\n\t\u0219i distribu\u021bie ap\u0103 din comuna \u0218irineasa;\n\t<\/li><li>\n\ts-a\n\trepus \u00een func\u021biune plutitorul mecanic din cadrul Sta\u021biei de\n\tpompare ap\u0103 Bonciu din ora\u0219ul B\u0103beni;\n\t<\/li><li>\n\ts-a\n\tref\u0103cut c\u0103min de canalizare menajer\u0103 \u00een ora\u0219ul Horezu \u2013\n\tstrada Tudor Vladimirescu;\n\t<\/li><li>\n\ts-au\n\texecutat bran\u0219amente ap\u0103 \u0219i racorduri canalizare \u00een ora\u0219ul\n\tHorezu \u2013 str\u0103zile Tudor Vladimirescu \u0219i B\u0103l\u0103ne\u0219ti;\n\t<\/li><li>\n\ts-a\n\tdesfundat canalizare cu dispozitiv manual \u00een ora\u0219ul Horezu \u2013\n\tstr\u0103zile 1 Decembrie \u0219i Nucului;\n\t<\/li><li>\n\ts-a\n\tefectuat sp\u0103larea rezervorului de acumulare ap\u0103 Romani din ora\u0219ul\n\tB\u0103beni;\n\t<\/li><li>\n\ts-au\n\tmontat bran\u0219amente noi la utilizatori din comuna Mih\u0103e\u0219ti \u2013\n\tsatul Govora;\n\t<\/li><li>\n\ts-a\n\trealizat un racord canalizare \u00een comuna \u0218irineasa \u2013 satul\n\tAricioaia;\n\t<\/li><li>\n\tau\n\tfost verifica\u021bi parametrii apei potabile furnizate \u00een sistemele\n\tGovora, Mih\u0103e\u0219ti, Bune\u0219ti, P\u0103u\u0219e\u0219ti, Fr\u00e2nce\u0219ti;\n\t<\/li><li>\n\ts-au\n\tvidanjat \u0219i cur\u0103\u021bat c\u0103minele sta\u021biilor de repompare ap\u0103 uzat\u0103,\n\tcare necesit\u0103 golire periodic\u0103, din localit\u0103\u021bile B\u0103beni,\n\tTom\u0219ani, Cerni\u0219oara, \u0218irineasa \u0219i Nicolae B\u0103lcescu;\n\t<\/li><li>\n\ts-a\n\tasigurat monitorizarea permanent\u0103 a func\u021bion\u0103rii echipamentelor\n\tla sta\u021biile de pompare ap\u0103 \u0219i a sta\u021biilor de repompare ape uzate\n\tdin cadrul sectorului Govora, zonele Pietrari, Bune\u0219ti \u0219i P\u0103u\u0219e\u0219ti\n\t\u2013 Ot\u0103s\u0103u;\n\t<\/li><li>\n\ta\n\tfost asigurat\u0103 buna func\u021bionare a re\u021belelor de ap\u0103 \u0219i\n\tcanalizare din \u00eentreaga arie de operare a Centrului de Exploatare\n\tVest.\n<\/li><\/ul>\n\n\n\n<p>\n<strong>APOMETRE\nVERIFICATE \u0218I MONTATE. <\/strong>Tot\n\u00een aceast\u0103 perioad\u0103 au fost verificate \u015fi \u00eenlocuite apometre \u00een\ntoat\u0103 aria de operare, acolo unde acestora urma s\u0103 le expire\nverificarea metrologic\u0103 sau erau deteriorate.<\/p>\n","protected":false},"excerpt":{"rendered":"<p>APAVIL SA \u2013 Centru Exploatare Vest a desf\u0103\u015furat \u00een s\u0103pt\u0103m\u00e2na 03 \u2013 07 februarie 2020 o serie de activit\u0103\u0163i \u00een \u00eentreaga arie de operare. AVARII REZOLVATE. \u00cen aceast\u0103 perioad\u0103 au avut loc mai multe interven\u021bii pentru eliminarea pierderilor de ap\u0103<\/p>\n","protected":false},"author":1,"featured_media":0,"comment_status":"closed","ping_status":"closed","sticky":false,"template":"","format":"standard","meta":[],"categories":[30],"tags":[],"_links":{"self":[{"href":"https:\/\/apavil.ro\/index.php?rest_route=\/wp\/v2\/posts\/1367"}],"collection":[{"href":"https:\/\/apavil.ro\/index.php?rest_route=\/wp\/v2\/posts"}],"about":[{"href":"https:\/\/apavil.ro\/index.php?rest_route=\/wp\/v2\/types\/post"}],"author":[{"embeddable":true,"href":"https:\/\/apavil.ro\/index.php?rest_route=\/wp\/v2\/users\/1"}],"replies":[{"embeddable":true,"href":"https:\/\/apavil.ro\/index.php?rest_route=%2Fwp%2Fv2%2Fcomments&post=1367"}],"version-history":[{"count":1,"href":"https:\/\/apavil.ro\/index.php?rest_route=\/wp\/v2\/posts\/1367\/revisions"}],"predecessor-version":[{"id":1368,"href":"https:\/\/apavil.ro\/index.php?rest_route=\/wp\/v2\/posts\/1367\/revisions\/1368"}],"wp:attachment":[{"href":"https:\/\/apavil.ro\/index.php?rest_route=%2Fwp%2Fv2%2Fmedia&parent=1367"}],"wp:term":[{"taxonomy":"category","embeddable":true,"href":"https:\/\/apavil.ro\/index.php?rest_route=%2Fwp%2Fv2%2Fcategories&post=1367"},{"taxonomy":"post_tag","embeddable":true,"href":"https:\/\/apavil.ro\/index.php?rest_route=%2Fwp%2Fv2%2Ftags&post=1367"}],"curies":[{"name":"wp","href":"https:\/\/api.w.org\/{rel}","templated":true}]}}