{"id":1010,"date":"2020-01-30T06:55:56","date_gmt":"2020-01-30T06:55:56","guid":{"rendered":"https:\/\/web3.apavil.ro\/?p=1010"},"modified":"2020-01-30T06:55:57","modified_gmt":"2020-01-30T06:55:57","slug":"informare-de-presa-21-ianuarie-2020","status":"publish","type":"post","link":"https:\/\/apavil.ro\/?p=1010","title":{"rendered":"Informare de pres\u0103 21 ianuarie 2020"},"content":{"rendered":"\n<p>\n<strong>APAVIL\n SA \u2013 Centru Exploatare Vest<\/strong>\na desf\u0103\u015furat \u00een s\u0103pt\u0103m\u00e2na 13 \u2013 17 ianuarie 2020 o serie de\nactivit\u0103\u0163i \u00een \u00eentreaga arie de operare.<\/p>\n\n\n\n<p>\n<strong>AVARII\nREZOLVATE. <\/strong>\u00cen\naceast\u0103 perioad\u0103 au avut loc mai multe interven\u021bii pentru\neliminarea pierderilor de ap\u0103 \u00een timp util la bran\u0219amente\nPEHD Dn 25\ndin\nora\u0219ul Horezu \u2013 strada R\u00e2me\u0219ti, comuna Pietrari \u2013 satele\nPietrarii de Sus, Coastele Cernei \u0219i Manta, comuna Bune\u0219ti \u2013\nsatul Fire\u0219ti, comuna P\u0103u\u0219e\u0219ti \u2013 satele Barcanele \u0219i Buzdugan,\nora\u0219ul B\u0103ile Govora \u2013 strada Oituz; conduct\u0103\nPEHD Dn 32: comuna Tom\u0219ani \u2013 satul Bogd\u0103ne\u0219ti, comuna Bune\u0219ti \u2013\nsatul Titireci;\nconduct\u0103\nPEHD Dn 110: comuna P\u0103u\u0219e\u0219ti \u2013 satul Cernele; conduct\u0103 PE Dn\n90: comuna Nicolae B\u0103lcescu \u2013 satul Linia Hanului; conduct\u0103 PE Dn\n250: ora\u0219ul B\u0103beni \u2013 strada Romani; conduct\u0103 OL 89: comuna\nM\u0103ld\u0103re\u0219ti \u2013 satul Ciupa; conduct\u0103 OL 133: ora\u0219ul Horezu \u2013\nstrada I. Ghe. Duca; conduct\u0103 OL 219: ora\u0219ul B\u0103beni \u2013 strada\nPetrolului. De asemenea, s-a intervenit la avarii \u00een comuna\n\u0218irineasa \u2013 satul Ungureni.<\/p>\n\n\n\n<p>\nLa\naceste interven\u021bii s-au efectuat opera\u021biile necesare remedierii\nproblemelor \u0219i de aducere la stare ini\u021bial\u0103 a terenului. \n<\/p>\n\n\n\n<p>\n<strong>PROBLEME\nPUNCTUALE. <\/strong>Au\nfost realizate o serie de lucr\u0103ri punctuale: \n<\/p>\n\n\n\n<ul><li>\n\ts-a\n\tefectuat sp\u0103larea re\u021belei de ap\u0103 potabil\u0103 cuprins\u0103 \u00eentre satul\n\tR\u0103p\u0103ne\u0219ti \u0219i Sta\u021bia de epurare Bune\u0219ti;\n\t<\/li><li>\n\ts-a\n\tefectuat igienizarea incintei Sta\u021biei de epurare Coastele Cernei,\n\tcomuna Pietrari;\n\t<\/li><li>\n\ts-au\n\tefectuat purj\u0103ri ale re\u021belei de ap\u0103 din localitatea \u0218irineasa;\n\t<\/li><li>\n\ts-au\n\tefectuat lucr\u0103ri pentru trecerea a 7 utilizatori de pe re\u021beaua\n\tveche pe re\u021beaua noua din conducta PE Dn 110 mm de pe strada\n\tIacobe\u0219ti, ora\u0219ul B\u0103beni;\n\t<\/li><li>\n\ts-a\n\tdecolmatat drenul adiacent al Sta\u021biei de captare, tratare, pompare\n\t\u0219i distribu\u021bie ap\u0103 \u0218irineasa;\n\t<\/li><li>\n\ts-a\n\tmontat ceas programator la pompa dozatoare hipoclorit de sodiu a\n\tSta\u021biei de ap\u0103 din comuna Cerni\u0219oara;\n\t<\/li><li>\n\ts-a\n\tmontat pomp\u0103 submersibil\u0103 la Sta\u021bia de ap\u0103 Cerna din comuna\n\tVaideeni;\n\t<\/li><li>\n\ts-au\n\texecutat bran\u0219amente noi \u00een comuna Tom\u0219ani \u2013 satul Bogd\u0103ne\u0219ti\n\t\u0219i comuna Mih\u0103e\u0219ti \u2013 satul Govora;\n\t<\/li><li>\n\tau\n\tfost verifica\u021bi parametrii apei potabile furnizate \u00een sistemele\n\tGovora, Mih\u0103e\u0219ti, Bune\u0219ti, P\u0103u\u0219e\u0219ti, Fr\u00e2nce\u0219ti;\n\t<\/li><li>\n\ts-au\n\tvidanjat \u0219i cur\u0103\u021bat c\u0103minele sta\u021biilor de repompare ap\u0103 uzat\u0103,\n\tcare necesit\u0103 golire periodic\u0103, din localit\u0103\u021bile Tom\u0219ani,\n\tCerni\u0219oara, \u0218irineasa \u0219i Nicolae B\u0103lcescu;\n\t<\/li><li>\n\ts-a\n\tasigurat monitorizarea permanent\u0103 a func\u021bion\u0103rii echipamentelor\n\tla sta\u021biile de pompare ap\u0103 \u0219i a sta\u021biilor de repompare ape uzate\n\tdin cadrul sectorului Govora, zonele Pietrari, Bune\u0219ti \u0219i P\u0103u\u0219e\u0219ti\n\t\u2013 Ot\u0103s\u0103u;\n\t<\/li><li>\n\ta\n\tfost asigurat\u0103 buna func\u021bionare a re\u021belelor de ap\u0103 \u0219i\n\tcanalizare din \u00eentreaga arie de operare a Centrului de Exploatare\n\tVest.\n<\/li><\/ul>\n\n\n\n<p>\n<strong>APOMETRE\nVERIFICATE \u0218I MONTATE. <\/strong>Tot\n\u00een aceast\u0103 perioad\u0103 au fost verificate \u015fi \u00eenlocuite apometre \u00een\ntoata aria de operare, acolo unde acestora urma s\u0103 le expire\nverificarea metrologic\u0103 sau erau deteriorate<\/p>\n","protected":false},"excerpt":{"rendered":"<p>APAVIL SA \u2013 Centru Exploatare Vest a desf\u0103\u015furat \u00een s\u0103pt\u0103m\u00e2na 13 \u2013 17 ianuarie 2020 o serie de activit\u0103\u0163i \u00een \u00eentreaga arie de operare. AVARII REZOLVATE. \u00cen aceast\u0103 perioad\u0103 au avut loc mai multe interven\u021bii pentru eliminarea pierderilor de ap\u0103<\/p>\n","protected":false},"author":1,"featured_media":0,"comment_status":"closed","ping_status":"closed","sticky":false,"template":"","format":"standard","meta":[],"categories":[30],"tags":[],"_links":{"self":[{"href":"https:\/\/apavil.ro\/index.php?rest_route=\/wp\/v2\/posts\/1010"}],"collection":[{"href":"https:\/\/apavil.ro\/index.php?rest_route=\/wp\/v2\/posts"}],"about":[{"href":"https:\/\/apavil.ro\/index.php?rest_route=\/wp\/v2\/types\/post"}],"author":[{"embeddable":true,"href":"https:\/\/apavil.ro\/index.php?rest_route=\/wp\/v2\/users\/1"}],"replies":[{"embeddable":true,"href":"https:\/\/apavil.ro\/index.php?rest_route=%2Fwp%2Fv2%2Fcomments&post=1010"}],"version-history":[{"count":1,"href":"https:\/\/apavil.ro\/index.php?rest_route=\/wp\/v2\/posts\/1010\/revisions"}],"predecessor-version":[{"id":1011,"href":"https:\/\/apavil.ro\/index.php?rest_route=\/wp\/v2\/posts\/1010\/revisions\/1011"}],"wp:attachment":[{"href":"https:\/\/apavil.ro\/index.php?rest_route=%2Fwp%2Fv2%2Fmedia&parent=1010"}],"wp:term":[{"taxonomy":"category","embeddable":true,"href":"https:\/\/apavil.ro\/index.php?rest_route=%2Fwp%2Fv2%2Fcategories&post=1010"},{"taxonomy":"post_tag","embeddable":true,"href":"https:\/\/apavil.ro\/index.php?rest_route=%2Fwp%2Fv2%2Ftags&post=1010"}],"curies":[{"name":"wp","href":"https:\/\/api.w.org\/{rel}","templated":true}]}}